{"id":931,"date":"2011-07-04T21:56:11","date_gmt":"2011-07-04T21:56:11","guid":{"rendered":"http:\/\/www.kontrabassblog.de\/?p=931"},"modified":"2011-08-24T18:52:56","modified_gmt":"2011-08-24T18:52:56","slug":"german-jazz-poll-1953","status":"publish","type":"post","link":"https:\/\/www.kontrabassblog.de\/?p=931","title":{"rendered":"German Jazz Poll 1953"},"content":{"rendered":"<p><a rel=\"attachment wp-att-932\" href=\"https:\/\/www.kontrabassblog.de\/?attachment_id=932\"><img loading=\"lazy\" decoding=\"async\" class=\"alignnone size-medium wp-image-932\" title=\"Jazz Poll\" src=\"https:\/\/www.kontrabassblog.de\/wp-content\/uploads\/2011\/07\/Foto-04.07.11-18-43-12-500x373.jpg\" alt=\"\" width=\"500\" height=\"373\" srcset=\"https:\/\/www.kontrabassblog.de\/wp-content\/uploads\/2011\/07\/Foto-04.07.11-18-43-12-500x373.jpg 500w, https:\/\/www.kontrabassblog.de\/wp-content\/uploads\/2011\/07\/Foto-04.07.11-18-43-12-1024x764.jpg 1024w\" sizes=\"auto, (max-width: 500px) 100vw, 500px\" \/><\/a><\/p>\n<p>Heute hatte ich im CD-Laden die Aufnahmen vom Deutschen Jazz-Festival 1953 in der Hand (erschienen bei Bear Family Records). In dem umfangreichen Liner Notes ist auch der German Jazz Poll des selben Jahres abgedruckt. Heute sind solche Polls ja schon lange au\u00dfer Mode gekommen; das amerikanische Downbeat-Magazin hat sowas zwar noch, aber die \u00a0deutschen Jazz-Magazine schon lange nicht mehr. Die Aussagekraft solcher Polls ist ja auch recht begrenzt \u2013 vor allem, wenn es sich wie hier um Publikums-<em>Votings<\/em> handelt.<\/p>\n<p>Interessant fand ich, dass ich von den damals angesagten deutschen Bassisten so wenige Namen kenne. Auf Platz 1: Hans Last \u2013 heute bekannt als Orchesterchef James Last. Hans Kresse ist mir auch noch ein Begriff \u2013 aber die anderen?<\/p>\n<p>Auch die Beliebtheitsskala der amerikanischen Kollegen ist interessant. Eddie Safranski und Chubby Jackson, zwei (wei\u00dfe) Big-Band-Bassisten belegen die ersten R\u00e4nge. Ray Brown kommt erst auf dem 5. Platz, gefolgt von dem heute weitgehend unbekannten Arvell Shaw. W\u00fcrde man heute eine Liste der wichtigsten Bassisten der fr\u00fchen 1950er zusammenstellen, s\u00e4he die sicherlich etwas anders aus \u2026<\/p>\n","protected":false},"excerpt":{"rendered":"<p>Heute hatte ich im CD-Laden die Aufnahmen vom Deutschen Jazz-Festival 1953 in der Hand (erschienen bei Bear Family Records). In dem umfangreichen Liner Notes ist auch der German Jazz Poll des selben Jahres abgedruckt. Heute sind solche Polls ja schon lange au\u00dfer Mode gekommen; das amerikanische Downbeat-Magazin hat sowas zwar noch, aber die \u00a0deutschen Jazz-Magazine &hellip; <a href=\"https:\/\/www.kontrabassblog.de\/?p=931\" class=\"more-link\">Read more <span class=\"screen-reader-text\">German Jazz Poll 1953<\/span><\/a><\/p>\n","protected":false},"author":1,"featured_media":0,"comment_status":"open","ping_status":"open","sticky":false,"template":"","format":"standard","meta":{"footnotes":""},"categories":[10],"tags":[],"class_list":["post-931","post","type-post","status-publish","format-standard","hentry","category-jazz"],"_links":{"self":[{"href":"https:\/\/www.kontrabassblog.de\/index.php?rest_route=\/wp\/v2\/posts\/931","targetHints":{"allow":["GET"]}}],"collection":[{"href":"https:\/\/www.kontrabassblog.de\/index.php?rest_route=\/wp\/v2\/posts"}],"about":[{"href":"https:\/\/www.kontrabassblog.de\/index.php?rest_route=\/wp\/v2\/types\/post"}],"author":[{"embeddable":true,"href":"https:\/\/www.kontrabassblog.de\/index.php?rest_route=\/wp\/v2\/users\/1"}],"replies":[{"embeddable":true,"href":"https:\/\/www.kontrabassblog.de\/index.php?rest_route=%2Fwp%2Fv2%2Fcomments&post=931"}],"version-history":[{"count":6,"href":"https:\/\/www.kontrabassblog.de\/index.php?rest_route=\/wp\/v2\/posts\/931\/revisions"}],"predecessor-version":[{"id":995,"href":"https:\/\/www.kontrabassblog.de\/index.php?rest_route=\/wp\/v2\/posts\/931\/revisions\/995"}],"wp:attachment":[{"href":"https:\/\/www.kontrabassblog.de\/index.php?rest_route=%2Fwp%2Fv2%2Fmedia&parent=931"}],"wp:term":[{"taxonomy":"category","embeddable":true,"href":"https:\/\/www.kontrabassblog.de\/index.php?rest_route=%2Fwp%2Fv2%2Fcategories&post=931"},{"taxonomy":"post_tag","embeddable":true,"href":"https:\/\/www.kontrabassblog.de\/index.php?rest_route=%2Fwp%2Fv2%2Ftags&post=931"}],"curies":[{"name":"wp","href":"https:\/\/api.w.org\/{rel}","templated":true}]}}