{"id":83,"date":"2006-08-12T12:00:08","date_gmt":"2006-08-12T10:00:08","guid":{"rendered":"http:\/\/www.kontrabassblog.de\/?p=83"},"modified":"2006-05-12T13:16:56","modified_gmt":"2006-05-12T11:16:56","slug":"2-world-bass-festival-in-wroclaw-polen","status":"publish","type":"post","link":"https:\/\/www.kontrabassblog.de\/?p=83","title":{"rendered":"&#8220;2. World Bass Festival&#8221; in Wroclaw, Polen"},"content":{"rendered":"<p>Vom 12. bis 19. August findet in Wroclaw, Polen das <a target=\"_blank\" href=\"http:\/\/www.doublebass.vel.pl\/festang.php\">2. World Bass Festival<\/a> statt. Organisator ist die <a target=\"_blank\" href=\"http:\/\/www.doublebass.vel.pl\">Polskie Stowarzyszenie Kontrabasitow<\/a> (Polish Double Bass Society), die in diesem Jahr auch ihr 10j\u00e4hriges Bestehen feiert.<\/p>\n<p>Auftreten werden unter anderem die Bassisten Renaud Garcia-Fons (F), John Clayton (USA), Tom Knific (USA), Jacek Niedziela (PL), Vitold Rek (PL\/D), Franco Petracchi (I),  Jorma Katrama (SF), Klaus Trumpfs Ensemble &#8220;Bassiona Amorosa&#8221; (D), &#8220;The Bad Boyz of Bass&#8221; (David Murray, Volkan Orhon, Paul Sharpe und Anthony Stoops, USA).<br \/>\nJerzy Stuhr wird die polnische Version von Patrick S\u00fc\u00dfkinds &#8220;Der Kontrabass&#8221; auff\u00fchren, und auch Bassist\/Komponist Bertram Turetzky hat sein Kommen angek\u00fcndigt. Das wirklich umfangreiche Programm ist <a target=\"_blank\" href=\"http:\/\/www.doublebass.vel.pl\/harmonogramang.php\">hier<\/a> vollst\u00e4ndig zu studieren.<\/p>\n","protected":false},"excerpt":{"rendered":"<p>Vom 12. bis 19. August findet in Wroclaw, Polen das 2. World Bass Festival statt. Organisator ist die Polskie Stowarzyszenie Kontrabasitow (Polish Double Bass Society), die in diesem Jahr auch ihr 10j\u00e4hriges Bestehen feiert. Auftreten werden unter anderem die Bassisten Renaud Garcia-Fons (F), John Clayton (USA), Tom Knific (USA), Jacek Niedziela (PL), Vitold Rek (PL\/D), &hellip; <a href=\"https:\/\/www.kontrabassblog.de\/?p=83\" class=\"more-link\">Read more <span class=\"screen-reader-text\">&#8220;2. World Bass Festival&#8221; in Wroclaw, Polen<\/span><\/a><\/p>\n","protected":false},"author":1,"featured_media":0,"comment_status":"open","ping_status":"open","sticky":false,"template":"","format":"standard","meta":{"footnotes":""},"categories":[10,11,9,2,13],"tags":[],"class_list":["post-83","post","type-post","status-publish","format-standard","hentry","category-jazz","category-klassik","category-musik","category-termin","category-weltmusik-ethno"],"_links":{"self":[{"href":"https:\/\/www.kontrabassblog.de\/index.php?rest_route=\/wp\/v2\/posts\/83","targetHints":{"allow":["GET"]}}],"collection":[{"href":"https:\/\/www.kontrabassblog.de\/index.php?rest_route=\/wp\/v2\/posts"}],"about":[{"href":"https:\/\/www.kontrabassblog.de\/index.php?rest_route=\/wp\/v2\/types\/post"}],"author":[{"embeddable":true,"href":"https:\/\/www.kontrabassblog.de\/index.php?rest_route=\/wp\/v2\/users\/1"}],"replies":[{"embeddable":true,"href":"https:\/\/www.kontrabassblog.de\/index.php?rest_route=%2Fwp%2Fv2%2Fcomments&post=83"}],"version-history":[{"count":0,"href":"https:\/\/www.kontrabassblog.de\/index.php?rest_route=\/wp\/v2\/posts\/83\/revisions"}],"wp:attachment":[{"href":"https:\/\/www.kontrabassblog.de\/index.php?rest_route=%2Fwp%2Fv2%2Fmedia&parent=83"}],"wp:term":[{"taxonomy":"category","embeddable":true,"href":"https:\/\/www.kontrabassblog.de\/index.php?rest_route=%2Fwp%2Fv2%2Fcategories&post=83"},{"taxonomy":"post_tag","embeddable":true,"href":"https:\/\/www.kontrabassblog.de\/index.php?rest_route=%2Fwp%2Fv2%2Ftags&post=83"}],"curies":[{"name":"wp","href":"https:\/\/api.w.org\/{rel}","templated":true}]}}