{"id":796,"date":"2011-03-04T20:56:20","date_gmt":"2011-03-04T20:56:20","guid":{"rendered":"http:\/\/www.kontrabassblog.de\/?p=796"},"modified":"2011-03-04T20:56:20","modified_gmt":"2011-03-04T20:56:20","slug":"kontrabass-kaleidoskop-im-kloster-michaelstein-2","status":"publish","type":"post","link":"https:\/\/www.kontrabassblog.de\/?p=796","title":{"rendered":"Kontrabass-Kaleidoskop im Kloster Michaelstein"},"content":{"rendered":"<p>Dieses findet bereits das vierte internationale\u00a0<a href=\"http:\/\/www.kontrabass-kaleidoskop.de\/\" target=\"_blank\">Bassistentreffen im Kloster Michaelstein<\/a>\u00a0statt:<em> \u201eW\u00e4hrend in den Vorjahren vor allem auf die reiche Erfahrung und das profunde Wissen  von renommierten Routiniers gesetzt wurde, die seit langem in der internationalen Musikszene aktiv sind, werden diesmal einige &#8220;Junge Wilde&#8221; Gelegenheit bekommen, frischen Wind in die Basswelt zu pusten: Der j\u00fcngste Bassdozent, der jemals in Michaelstein unterrichtet hat, d\u00fcrfte Szymon Marciniak sein: Mit 27 Jahren ein Benjamin, was aber seine Karriere anbelangt und vor allem sein atemberaubend musikalisches Spiel, schon ein ganz Gro\u00dfer. Spektakul\u00e4r ist die Laufbahn von Nicholas Walker zu nennen, der trotz seines jugendlichen Alters eine einzigartige Mehrfachkarriere als Viola da Gamba-Spezialist, Jazzmusiker, Komponist und Kontrabass-Solist aufzuweisen hat. Catalin Rotaru macht immer wieder von sich reden durch Konzertauff\u00fchrungen von Werken, die auf dem Kontrabass unm\u00f6glich scheinen, und das rund um den Erdball. Ebenfalls zum ersten Mal in Michaelstein lehren wird Frithjof Grabner, der einen klangvollen Namen als Solist, Kammermusiker, Orchestermusiker und Professor hat. Ekkehard Beringer, Solobassist des NDR-Sinfonieorchesters und Professor in Hannover, wird ebenso wie B\u00e4nz Oester, ein einmalig kreativer &#8220;Schwyzer&#8221; Universalmusiker, wie im Vorjahr durch seine frische Art \u00fcberzeugen. Ein Wiedersehen gibt es auch mit Dane Roberts (Violone, historischer Kontrabass und Viola da Gamba) und \u2013\u00a0von den meisten Teilnehmern ersehnt und eingefordert \u2013 mit Angela Gebler. Sie wird wie in den letzten beiden Jahren nicht nur f\u00fcr k\u00f6rperliches Wohl durch Bewegungs\u00fcbungen und Massagen sorgen, sondern erneut als Botschafterin der Herzlichkeit wirken, davon kann man ausgehen!\u201c<\/em><\/p>\n","protected":false},"excerpt":{"rendered":"<p>Dieses findet bereits das vierte internationale\u00a0Bassistentreffen im Kloster Michaelstein\u00a0statt: \u201eW\u00e4hrend in den Vorjahren vor allem auf die reiche Erfahrung und das profunde Wissen von renommierten Routiniers gesetzt wurde, die seit langem in der internationalen Musikszene aktiv sind, werden diesmal einige &#8220;Junge Wilde&#8221; Gelegenheit bekommen, frischen Wind in die Basswelt zu pusten: Der j\u00fcngste Bassdozent, der &hellip; <a href=\"https:\/\/www.kontrabassblog.de\/?p=796\" class=\"more-link\">Read more <span class=\"screen-reader-text\">Kontrabass-Kaleidoskop im Kloster Michaelstein<\/span><\/a><\/p>\n","protected":false},"author":1,"featured_media":0,"comment_status":"open","ping_status":"closed","sticky":false,"template":"","format":"standard","meta":{"footnotes":""},"categories":[10,11,2],"tags":[],"class_list":["post-796","post","type-post","status-publish","format-standard","hentry","category-jazz","category-klassik","category-termin"],"_links":{"self":[{"href":"https:\/\/www.kontrabassblog.de\/index.php?rest_route=\/wp\/v2\/posts\/796","targetHints":{"allow":["GET"]}}],"collection":[{"href":"https:\/\/www.kontrabassblog.de\/index.php?rest_route=\/wp\/v2\/posts"}],"about":[{"href":"https:\/\/www.kontrabassblog.de\/index.php?rest_route=\/wp\/v2\/types\/post"}],"author":[{"embeddable":true,"href":"https:\/\/www.kontrabassblog.de\/index.php?rest_route=\/wp\/v2\/users\/1"}],"replies":[{"embeddable":true,"href":"https:\/\/www.kontrabassblog.de\/index.php?rest_route=%2Fwp%2Fv2%2Fcomments&post=796"}],"version-history":[{"count":0,"href":"https:\/\/www.kontrabassblog.de\/index.php?rest_route=\/wp\/v2\/posts\/796\/revisions"}],"wp:attachment":[{"href":"https:\/\/www.kontrabassblog.de\/index.php?rest_route=%2Fwp%2Fv2%2Fmedia&parent=796"}],"wp:term":[{"taxonomy":"category","embeddable":true,"href":"https:\/\/www.kontrabassblog.de\/index.php?rest_route=%2Fwp%2Fv2%2Fcategories&post=796"},{"taxonomy":"post_tag","embeddable":true,"href":"https:\/\/www.kontrabassblog.de\/index.php?rest_route=%2Fwp%2Fv2%2Ftags&post=796"}],"curies":[{"name":"wp","href":"https:\/\/api.w.org\/{rel}","templated":true}]}}