{"id":736,"date":"2010-09-14T22:44:33","date_gmt":"2010-09-14T22:44:33","guid":{"rendered":"http:\/\/www.kontrabassblog.de\/?p=736"},"modified":"2010-09-14T22:44:33","modified_gmt":"2010-09-14T22:44:33","slug":"aenkel-vakel-oem","status":"publish","type":"post","link":"https:\/\/www.kontrabassblog.de\/?p=736","title":{"rendered":"\u00c4nkel vakel \u00f6m"},"content":{"rendered":"<p>Es gibt Autos, die <a href=\"https:\/\/www.kontrabassblog.de\/?p=528\" target=\"_blank\">hei\u00dfen irgendwas mit Jazz<\/a>. Der Nissan Teana hat zwar keinen Jazz-affinen Namen, aber daf\u00fcr ist ein ihm gewidmeter Commercial mit Bill Evans grandioser Komposition Waltz for Debby unterlegt \u2013 hier der <a href=\"http:\/\/www.youtube.com\/watch?v=YF30vE16qoE&amp;feature=related\" target=\"_blank\">YouTube-Link<\/a>. Irgendwie ziemlich naiv kommt <a href=\"http:\/\/www.youtube.com\/watch?v=CR2Ylmb2giM&amp;feature=PlayList&amp;p=2B30ACCAFBF0CB12&amp;index=0&amp;playnext=1\" target=\"_blank\">diese japanische Aufnahme<\/a> des St\u00fccks daher, die YouTube passend dazu ausgegraben hat. Nat\u00fcrlich gibt es da auch bereits eine <a href=\"http:\/\/www.youtube.com\/watch?v=Z7mk37cnEzo&amp;feature=related\" target=\"_blank\">auf dem iPhone<\/a> eingespielte Version von Waltz for Debby. Und wer wissen m\u00f6chte, nach welcher Debby das St\u00fcck benannt wurde, erf\u00e4hrt das <a href=\"http:\/\/www.youtube.com\/watch?v=YhRLObtZPQA&amp;list=QL\" target=\"_blank\">hier<\/a>.<br \/>\nWas aber hat die kryptischen \u00dcberschrift blo\u00df damit zu tun?<\/p>\n","protected":false},"excerpt":{"rendered":"<p>Es gibt Autos, die hei\u00dfen irgendwas mit Jazz. Der Nissan Teana hat zwar keinen Jazz-affinen Namen, aber daf\u00fcr ist ein ihm gewidmeter Commercial mit Bill Evans grandioser Komposition Waltz for Debby unterlegt \u2013 hier der YouTube-Link. Irgendwie ziemlich naiv kommt diese japanische Aufnahme des St\u00fccks daher, die YouTube passend dazu ausgegraben hat. Nat\u00fcrlich gibt es &hellip; <a href=\"https:\/\/www.kontrabassblog.de\/?p=736\" class=\"more-link\">Read more <span class=\"screen-reader-text\">\u00c4nkel vakel \u00f6m<\/span><\/a><\/p>\n","protected":false},"author":1,"featured_media":0,"comment_status":"open","ping_status":"closed","sticky":false,"template":"","format":"standard","meta":{"footnotes":""},"categories":[10],"tags":[],"class_list":["post-736","post","type-post","status-publish","format-standard","hentry","category-jazz"],"_links":{"self":[{"href":"https:\/\/www.kontrabassblog.de\/index.php?rest_route=\/wp\/v2\/posts\/736","targetHints":{"allow":["GET"]}}],"collection":[{"href":"https:\/\/www.kontrabassblog.de\/index.php?rest_route=\/wp\/v2\/posts"}],"about":[{"href":"https:\/\/www.kontrabassblog.de\/index.php?rest_route=\/wp\/v2\/types\/post"}],"author":[{"embeddable":true,"href":"https:\/\/www.kontrabassblog.de\/index.php?rest_route=\/wp\/v2\/users\/1"}],"replies":[{"embeddable":true,"href":"https:\/\/www.kontrabassblog.de\/index.php?rest_route=%2Fwp%2Fv2%2Fcomments&post=736"}],"version-history":[{"count":0,"href":"https:\/\/www.kontrabassblog.de\/index.php?rest_route=\/wp\/v2\/posts\/736\/revisions"}],"wp:attachment":[{"href":"https:\/\/www.kontrabassblog.de\/index.php?rest_route=%2Fwp%2Fv2%2Fmedia&parent=736"}],"wp:term":[{"taxonomy":"category","embeddable":true,"href":"https:\/\/www.kontrabassblog.de\/index.php?rest_route=%2Fwp%2Fv2%2Fcategories&post=736"},{"taxonomy":"post_tag","embeddable":true,"href":"https:\/\/www.kontrabassblog.de\/index.php?rest_route=%2Fwp%2Fv2%2Ftags&post=736"}],"curies":[{"name":"wp","href":"https:\/\/api.w.org\/{rel}","templated":true}]}}