{"id":625,"date":"2009-10-08T10:04:24","date_gmt":"2009-10-08T10:04:24","guid":{"rendered":"http:\/\/www.kontrabassblog.de\/?p=625"},"modified":"2009-10-08T10:04:24","modified_gmt":"2009-10-08T10:04:24","slug":"neulich-im-jazzkeller-7","status":"publish","type":"post","link":"https:\/\/www.kontrabassblog.de\/?p=625","title":{"rendered":"Neulich im Jazzkeller \u2026"},"content":{"rendered":"<p>Gestern kam Timo auf die Idee, einen Overall \u00fcberzuziehen. Schlagzeuger k\u00f6nnen sowas auch w\u00e4hrend des Spielens. Erst als sich der Anzug allm\u00e4hlich aufplusterte (da ist so ein kleiner F\u00f6n eingebaut, das runde Ding am Bauchnabel), erkannte ich, was das eigentlich ist \u2026 w\u00e4hrend der Four-Fours habe ich auch ein Handyphoto von Timo in seinem Suomo-Ringer-Outfit knipsen k\u00f6nnen. Hier ist es:<\/p>\n<p><img loading=\"lazy\" decoding=\"async\" src=\"https:\/\/www.kontrabassblog.de\/wp-content\/uploads\/2009\/10\/dsc00735.JPG\" alt=\"Suomo\" height=\"373\" width=\"500\" \/><\/p>\n","protected":false},"excerpt":{"rendered":"<p>Gestern kam Timo auf die Idee, einen Overall \u00fcberzuziehen. Schlagzeuger k\u00f6nnen sowas auch w\u00e4hrend des Spielens. Erst als sich der Anzug allm\u00e4hlich aufplusterte (da ist so ein kleiner F\u00f6n eingebaut, das runde Ding am Bauchnabel), erkannte ich, was das eigentlich ist \u2026 w\u00e4hrend der Four-Fours habe ich auch ein Handyphoto von Timo in seinem Suomo-Ringer-Outfit &hellip; <a href=\"https:\/\/www.kontrabassblog.de\/?p=625\" class=\"more-link\">Read more <span class=\"screen-reader-text\">Neulich im Jazzkeller \u2026<\/span><\/a><\/p>\n","protected":false},"author":1,"featured_media":0,"comment_status":"open","ping_status":"open","sticky":false,"template":"","format":"standard","meta":{"footnotes":""},"categories":[53],"tags":[],"class_list":["post-625","post","type-post","status-publish","format-standard","hentry","category-kolumne"],"_links":{"self":[{"href":"https:\/\/www.kontrabassblog.de\/index.php?rest_route=\/wp\/v2\/posts\/625","targetHints":{"allow":["GET"]}}],"collection":[{"href":"https:\/\/www.kontrabassblog.de\/index.php?rest_route=\/wp\/v2\/posts"}],"about":[{"href":"https:\/\/www.kontrabassblog.de\/index.php?rest_route=\/wp\/v2\/types\/post"}],"author":[{"embeddable":true,"href":"https:\/\/www.kontrabassblog.de\/index.php?rest_route=\/wp\/v2\/users\/1"}],"replies":[{"embeddable":true,"href":"https:\/\/www.kontrabassblog.de\/index.php?rest_route=%2Fwp%2Fv2%2Fcomments&post=625"}],"version-history":[{"count":0,"href":"https:\/\/www.kontrabassblog.de\/index.php?rest_route=\/wp\/v2\/posts\/625\/revisions"}],"wp:attachment":[{"href":"https:\/\/www.kontrabassblog.de\/index.php?rest_route=%2Fwp%2Fv2%2Fmedia&parent=625"}],"wp:term":[{"taxonomy":"category","embeddable":true,"href":"https:\/\/www.kontrabassblog.de\/index.php?rest_route=%2Fwp%2Fv2%2Fcategories&post=625"},{"taxonomy":"post_tag","embeddable":true,"href":"https:\/\/www.kontrabassblog.de\/index.php?rest_route=%2Fwp%2Fv2%2Ftags&post=625"}],"curies":[{"name":"wp","href":"https:\/\/api.w.org\/{rel}","templated":true}]}}