{"id":579,"date":"2009-07-10T13:31:44","date_gmt":"2009-07-10T13:31:44","guid":{"rendered":"http:\/\/www.kontrabassblog.de\/?p=579"},"modified":"2009-07-10T13:31:44","modified_gmt":"2009-07-10T13:31:44","slug":"kontrabasslehrerin-gesucht","status":"publish","type":"post","link":"https:\/\/www.kontrabassblog.de\/?p=579","title":{"rendered":"Kontrabasslehrer\/in gesucht"},"content":{"rendered":"<p><em>Die Musikschule der Stadt M\u00f6rfelden-Walldorf sucht zum 1.9. 09 eine<br \/>\n<strong>Lehrkraft f\u00fcr Kontrabass (2 Jahreswochenstunden) auf Honorarbasis<\/strong><br \/>\nDer\/die Bewerber\/in sollte ein musikp\u00e4dagogisches oder k\u00fcnstlerisches Hochschulstudium absolvieren oder bereits abgeschlossen haben. Unterrichtserfahrung ist erw\u00fcnscht. Die Mitwirkung bei \u00f6ffentlichen Veranstaltungen (Konzerte, vorspiele) wird erwartet. An der Musikschule M\u00f6rfelden-Walldorf werden zur Zeit \u00fcber 800 Sch\u00fcler\/innen von 46 Dozentinnen und Dozenten unterrichtet. Weitere Infos \u00fcber die Musikschule finden Sie unter: <a href=\"http:\/\/www.moerfelden-walldorf.de\/default.asp?action=category&amp;ID=42\" target=\"_blank\">http:\/\/www.moerfelden-walldorf.de<\/a><br \/>\nF\u00fcr weitere Fragen steht Ihnen die Leiterin der Musikschule, Corinna Probst, gerne zur Verf\u00fcgung: Tel. 06105-938218<\/em><\/p>\n","protected":false},"excerpt":{"rendered":"<p>Die Musikschule der Stadt M\u00f6rfelden-Walldorf sucht zum 1.9. 09 eine Lehrkraft f\u00fcr Kontrabass (2 Jahreswochenstunden) auf Honorarbasis Der\/die Bewerber\/in sollte ein musikp\u00e4dagogisches oder k\u00fcnstlerisches Hochschulstudium absolvieren oder bereits abgeschlossen haben. Unterrichtserfahrung ist erw\u00fcnscht. Die Mitwirkung bei \u00f6ffentlichen Veranstaltungen (Konzerte, vorspiele) wird erwartet. An der Musikschule M\u00f6rfelden-Walldorf werden zur Zeit \u00fcber 800 Sch\u00fcler\/innen von 46 Dozentinnen &hellip; <a href=\"https:\/\/www.kontrabassblog.de\/?p=579\" class=\"more-link\">Read more <span class=\"screen-reader-text\">Kontrabasslehrer\/in gesucht<\/span><\/a><\/p>\n","protected":false},"author":1,"featured_media":0,"comment_status":"open","ping_status":"open","sticky":false,"template":"","format":"standard","meta":{"footnotes":""},"categories":[17],"tags":[74],"class_list":["post-579","post","type-post","status-publish","format-standard","hentry","category-paedagogik","tag-unterricht"],"_links":{"self":[{"href":"https:\/\/www.kontrabassblog.de\/index.php?rest_route=\/wp\/v2\/posts\/579","targetHints":{"allow":["GET"]}}],"collection":[{"href":"https:\/\/www.kontrabassblog.de\/index.php?rest_route=\/wp\/v2\/posts"}],"about":[{"href":"https:\/\/www.kontrabassblog.de\/index.php?rest_route=\/wp\/v2\/types\/post"}],"author":[{"embeddable":true,"href":"https:\/\/www.kontrabassblog.de\/index.php?rest_route=\/wp\/v2\/users\/1"}],"replies":[{"embeddable":true,"href":"https:\/\/www.kontrabassblog.de\/index.php?rest_route=%2Fwp%2Fv2%2Fcomments&post=579"}],"version-history":[{"count":0,"href":"https:\/\/www.kontrabassblog.de\/index.php?rest_route=\/wp\/v2\/posts\/579\/revisions"}],"wp:attachment":[{"href":"https:\/\/www.kontrabassblog.de\/index.php?rest_route=%2Fwp%2Fv2%2Fmedia&parent=579"}],"wp:term":[{"taxonomy":"category","embeddable":true,"href":"https:\/\/www.kontrabassblog.de\/index.php?rest_route=%2Fwp%2Fv2%2Fcategories&post=579"},{"taxonomy":"post_tag","embeddable":true,"href":"https:\/\/www.kontrabassblog.de\/index.php?rest_route=%2Fwp%2Fv2%2Ftags&post=579"}],"curies":[{"name":"wp","href":"https:\/\/api.w.org\/{rel}","templated":true}]}}