{"id":537,"date":"2009-03-12T18:40:30","date_gmt":"2009-03-12T18:40:30","guid":{"rendered":"http:\/\/www.kontrabassblog.de\/?p=537"},"modified":"2009-12-04T15:19:04","modified_gmt":"2009-12-04T15:19:04","slug":"stradivari-ausstellung-in-koeln","status":"publish","type":"post","link":"https:\/\/www.kontrabassblog.de\/?p=537","title":{"rendered":"Stradivari-Ausstellung in K\u00f6ln"},"content":{"rendered":"<p>\u201eMythos und Musik\u201c im <a href=\"http:\/\/www.wallraf.museum\/index.php?id=30&amp;L=1\" target=\"_blank\">Wallraf-Richartz-Museum<\/a> in K\u00f6ln.<\/p>\n<p><em>Stradivari \u2013 Mythos und Musik, so lautet der klangvolle Name einer einzigartigen Sonderschau, die im Wallraf zu sehen sein wird. Ab dem 5. M\u00e4rz 2010 zeigt die K\u00f6lner Gem\u00e4ldegalerie mehr als 50 Streichinstrumente aus der Hand des legend\u00e4ren Antonio Stradivari (1648-1733). Noch nie waren in einer Ausstellung so viele kostbare Violinen, Bratschen und Celli des Meisters vereint.<\/em><\/p>\n<p><em>Die Exponate stammen \u00fcberwiegend von privaten Sammlern und sind nur selten f\u00fcr die \u00d6ffentlichkeit zug\u00e4nglich. Weitere Leihgaben kommen von internationalen Museen, hochrangigen Stiftungen und ber\u00fchmten Musikern. Das Wallraf zeigt diese weltweit gr\u00f6\u00dfte Auswahl an Stradivaris exklusiv und f\u00fcr nur 17 Tage vom 5. bis 21. M\u00e4rz 2010. Parallel zur Ausstellung ist eine Konzertreihe geplant, bei der renommierte Solisten im Museum auftreten und auf ihren Stradivaris spielen werden.<\/em><\/p>\n<p>Update: <a href=\"http:\/\/www.wallraf.museum\/index.php?id=30&amp;amp;L=0\" target=\"_blank\">Abgesagt! <\/a><\/p>\n","protected":false},"excerpt":{"rendered":"<p>\u201eMythos und Musik\u201c im Wallraf-Richartz-Museum in K\u00f6ln. Stradivari \u2013 Mythos und Musik, so lautet der klangvolle Name einer einzigartigen Sonderschau, die im Wallraf zu sehen sein wird. Ab dem 5. M\u00e4rz 2010 zeigt die K\u00f6lner Gem\u00e4ldegalerie mehr als 50 Streichinstrumente aus der Hand des legend\u00e4ren Antonio Stradivari (1648-1733). Noch nie waren in einer Ausstellung so &hellip; <a href=\"https:\/\/www.kontrabassblog.de\/?p=537\" class=\"more-link\">Read more <span class=\"screen-reader-text\">Stradivari-Ausstellung in K\u00f6ln<\/span><\/a><\/p>\n","protected":false},"author":1,"featured_media":0,"comment_status":"open","ping_status":"open","sticky":false,"template":"","format":"standard","meta":{"footnotes":""},"categories":[2],"tags":[116],"class_list":["post-537","post","type-post","status-publish","format-standard","hentry","category-termin","tag-stradivari-stradivarius-violin"],"_links":{"self":[{"href":"https:\/\/www.kontrabassblog.de\/index.php?rest_route=\/wp\/v2\/posts\/537","targetHints":{"allow":["GET"]}}],"collection":[{"href":"https:\/\/www.kontrabassblog.de\/index.php?rest_route=\/wp\/v2\/posts"}],"about":[{"href":"https:\/\/www.kontrabassblog.de\/index.php?rest_route=\/wp\/v2\/types\/post"}],"author":[{"embeddable":true,"href":"https:\/\/www.kontrabassblog.de\/index.php?rest_route=\/wp\/v2\/users\/1"}],"replies":[{"embeddable":true,"href":"https:\/\/www.kontrabassblog.de\/index.php?rest_route=%2Fwp%2Fv2%2Fcomments&post=537"}],"version-history":[{"count":0,"href":"https:\/\/www.kontrabassblog.de\/index.php?rest_route=\/wp\/v2\/posts\/537\/revisions"}],"wp:attachment":[{"href":"https:\/\/www.kontrabassblog.de\/index.php?rest_route=%2Fwp%2Fv2%2Fmedia&parent=537"}],"wp:term":[{"taxonomy":"category","embeddable":true,"href":"https:\/\/www.kontrabassblog.de\/index.php?rest_route=%2Fwp%2Fv2%2Fcategories&post=537"},{"taxonomy":"post_tag","embeddable":true,"href":"https:\/\/www.kontrabassblog.de\/index.php?rest_route=%2Fwp%2Fv2%2Ftags&post=537"}],"curies":[{"name":"wp","href":"https:\/\/api.w.org\/{rel}","templated":true}]}}