{"id":378,"date":"2008-01-24T12:35:23","date_gmt":"2008-01-24T12:35:23","guid":{"rendered":"http:\/\/www.kontrabassblog.de\/?p=378"},"modified":"2008-01-24T12:35:23","modified_gmt":"2008-01-24T12:35:23","slug":"erfahrungsaustausch-unter-kontrabass-lehrkraeften","status":"publish","type":"post","link":"https:\/\/www.kontrabassblog.de\/?p=378","title":{"rendered":"Erfahrungsaustausch unter Kontrabass-Lehrkr\u00e4ften"},"content":{"rendered":"<p>Gespr\u00e4chsleitung: Prof. Stephan Petzold<br \/>\nThema: PAKINO, die neue P\u00e4dagogische Arbeitsgemeinschaft Kontrabass Nordost.<br \/>\nZiel dieser Fachrunde ist der Austausch \u00fcber bezirkliche Musikschulgrenzen hinweg. Vielleicht hat der\/die Kollege\/in aus der benachbarten Musikschule einen Tipp, den Sie schon lange gesucht haben? Oder Sie haben Erfahrungen und Erkenntnisse gewonnen, die Sie schon lange weitergeben wollten? Die Runde stellt keine Fortbildung im \u00fcblichen Sinne dar, sondern bietet in moderierter Form Gelegenheit, Kollegen\/innen kennen zu lernen. Eintritt frei, Anmeldung nicht erforderlich!<\/p>\n<p>Veranstaltungsort: Carl-Philipp-Emanuel Bach Gymnasium, Rheinsberger Str. 4-5, 10115 Berlin<\/p>\n","protected":false},"excerpt":{"rendered":"<p>Gespr\u00e4chsleitung: Prof. Stephan Petzold Thema: PAKINO, die neue P\u00e4dagogische Arbeitsgemeinschaft Kontrabass Nordost. Ziel dieser Fachrunde ist der Austausch \u00fcber bezirkliche Musikschulgrenzen hinweg. Vielleicht hat der\/die Kollege\/in aus der benachbarten Musikschule einen Tipp, den Sie schon lange gesucht haben? Oder Sie haben Erfahrungen und Erkenntnisse gewonnen, die Sie schon lange weitergeben wollten? Die Runde stellt keine &hellip; <a href=\"https:\/\/www.kontrabassblog.de\/?p=378\" class=\"more-link\">Read more <span class=\"screen-reader-text\">Erfahrungsaustausch unter Kontrabass-Lehrkr\u00e4ften<\/span><\/a><\/p>\n","protected":false},"author":1,"featured_media":0,"comment_status":"open","ping_status":"open","sticky":false,"template":"","format":"standard","meta":{"footnotes":""},"categories":[2],"tags":[],"class_list":["post-378","post","type-post","status-publish","format-standard","hentry","category-termin"],"_links":{"self":[{"href":"https:\/\/www.kontrabassblog.de\/index.php?rest_route=\/wp\/v2\/posts\/378","targetHints":{"allow":["GET"]}}],"collection":[{"href":"https:\/\/www.kontrabassblog.de\/index.php?rest_route=\/wp\/v2\/posts"}],"about":[{"href":"https:\/\/www.kontrabassblog.de\/index.php?rest_route=\/wp\/v2\/types\/post"}],"author":[{"embeddable":true,"href":"https:\/\/www.kontrabassblog.de\/index.php?rest_route=\/wp\/v2\/users\/1"}],"replies":[{"embeddable":true,"href":"https:\/\/www.kontrabassblog.de\/index.php?rest_route=%2Fwp%2Fv2%2Fcomments&post=378"}],"version-history":[{"count":0,"href":"https:\/\/www.kontrabassblog.de\/index.php?rest_route=\/wp\/v2\/posts\/378\/revisions"}],"wp:attachment":[{"href":"https:\/\/www.kontrabassblog.de\/index.php?rest_route=%2Fwp%2Fv2%2Fmedia&parent=378"}],"wp:term":[{"taxonomy":"category","embeddable":true,"href":"https:\/\/www.kontrabassblog.de\/index.php?rest_route=%2Fwp%2Fv2%2Fcategories&post=378"},{"taxonomy":"post_tag","embeddable":true,"href":"https:\/\/www.kontrabassblog.de\/index.php?rest_route=%2Fwp%2Fv2%2Ftags&post=378"}],"curies":[{"name":"wp","href":"https:\/\/api.w.org\/{rel}","templated":true}]}}