{"id":3566,"date":"2023-10-22T09:19:59","date_gmt":"2023-10-22T09:19:59","guid":{"rendered":"https:\/\/www.kontrabassblog.de\/?p=3566"},"modified":"2023-10-22T09:24:12","modified_gmt":"2023-10-22T09:24:12","slug":"serendipity-die-kompositionen-juergen-wuchner","status":"publish","type":"post","link":"https:\/\/www.kontrabassblog.de\/?p=3566","title":{"rendered":"Serendipity  \u2013\u00a0Die Kompositionen J\u00fcrgen Wuchners"},"content":{"rendered":"\n<p>2020 starb der Jazzbassist J\u00fcrgen Wuchner. Mitte der 1990er Jahre lebte ich einige Jahre in Darmstadt, und erlebte J\u00fcrgen als Dreh- und Angelpunkt der dortigen Jazzszene. J\u00fcrgens Frau Monika hat nun ein Buch herausgegeben, und 75 Kompositionen J\u00fcrgens posthum ver\u00f6ffentlicht. <\/p>\n\n\n\n<p>Das Buch ist toll aufgemacht: Zwei massive Graupappe-B\u00f6gen bilden den Umschlag, und durch die Fadenheftung l\u00e4sst es sich gut bl\u00e4ttern. Auch auf dem Notenst\u00e4nder bleibt es aufgeschlagen, so dass man die Leadsheets auch wirklich benutzen kann. <br \/>Der Inhalt des Buches spricht aber nicht nur Musikerinnen und Musiker an. Der erste Teil des Buches vereint Bilder, Zeitungsausschnitte und niedergeschriebene Gespr\u00e4che mit J\u00fcrgens Weggef\u00e4hrten und Mitmusikern. J\u00fcrgens Laufbahn als Jazzbassist begann in den 1970ern, als er in den Bands um Hans Koller, Heinz Sauer und Herbert Joos spielte. Sp\u00e4ter spielte er im Vienna Art Orchestra; in den 1990ern rief er in seiner Heimatstadt Darmstadt die <em>Jazz Conceptions<\/em> ins Leben \u2013\u00a0eine allj\u00e4hrliche Workshop-Reihe in den Sommerferien. Auch seine Tourneen nach China, Indien und Kuba sowie die Zeit Anfang der 2000er, als er einige Jahre in Senegal\/Afrika lebte, illustriert das Buch. <\/p>\n\n\n\n<p>Monika Schie\u00dfer-Wuchner: <strong>Serendipity<\/strong>. J\u00fcrgen Wuchners Kompositionen. Wolke Verlag, Hofheim 2023,&nbsp;ISBN 978-3-95593-144-5<\/p>\n\n\n\n<figure class=\"wp-block-image size-large is-resized\"><img loading=\"lazy\" decoding=\"async\" src=\"https:\/\/www.kontrabassblog.de\/wp-content\/uploads\/2023\/10\/IMG_1766-1024x768.jpeg\" alt=\"\" class=\"wp-image-3571\" width=\"840\" height=\"630\" srcset=\"https:\/\/www.kontrabassblog.de\/wp-content\/uploads\/2023\/10\/IMG_1766-1024x768.jpeg 1024w, https:\/\/www.kontrabassblog.de\/wp-content\/uploads\/2023\/10\/IMG_1766-500x375.jpeg 500w, https:\/\/www.kontrabassblog.de\/wp-content\/uploads\/2023\/10\/IMG_1766-768x576.jpeg 768w, https:\/\/www.kontrabassblog.de\/wp-content\/uploads\/2023\/10\/IMG_1766-1536x1152.jpeg 1536w, https:\/\/www.kontrabassblog.de\/wp-content\/uploads\/2023\/10\/IMG_1766-2048x1536.jpeg 2048w\" sizes=\"auto, (max-width: 840px) 100vw, 840px\" \/><\/figure>\n\n\n\n<p>Dem Insider f\u00e4llt ins Auge: J\u00fcrgen spielt hier den Deutschen Bogen im Obergriff. Eigentlich hat er aber auch vorschriftsm\u00e4\u00dfig im Untergriff gespielt. <\/p>\n\n\n\n<figure class=\"wp-block-image size-large\"><img loading=\"lazy\" decoding=\"async\" width=\"1024\" height=\"768\" src=\"https:\/\/www.kontrabassblog.de\/wp-content\/uploads\/2023\/10\/IMG_1767-1024x768.jpeg\" alt=\"\" class=\"wp-image-3572\" srcset=\"https:\/\/www.kontrabassblog.de\/wp-content\/uploads\/2023\/10\/IMG_1767-1024x768.jpeg 1024w, https:\/\/www.kontrabassblog.de\/wp-content\/uploads\/2023\/10\/IMG_1767-500x375.jpeg 500w, https:\/\/www.kontrabassblog.de\/wp-content\/uploads\/2023\/10\/IMG_1767-768x576.jpeg 768w, https:\/\/www.kontrabassblog.de\/wp-content\/uploads\/2023\/10\/IMG_1767-1536x1152.jpeg 1536w, https:\/\/www.kontrabassblog.de\/wp-content\/uploads\/2023\/10\/IMG_1767-2048x1536.jpeg 2048w\" sizes=\"auto, (max-width: 1024px) 100vw, 1024px\" \/><\/figure>\n\n\n\n<p>Den links abgebildeten Kontrabasskoffer erkenne ich wieder. Als J\u00fcrgen seinen Bass in Indien aus dem Koffern nahm, hatte sich der Hals gel\u00f6st \u2013 er fand dort aber tats\u00e4chlich einen in Mittenwald ausgebildeten Geigenbauer, der ihm den Hals wieder ordentlich einleimte.<\/p>\n\n\n\n<p>J\u00fcrgen hatte mir die Kiste sp\u00e4ter verkauft, als ich mal eine kleine Tour in Marokko spielte. Die Holzkiste passte zwar gerade so in meine Volvo 246, war aber seeehr schwer und deswegen f\u00fcr Flugreisen eher unzweckm\u00e4\u00dfig. Ich habe sie dann an eine Filmproduktion weiterverkauft, die genau so eine Kiste zum Transport eines Mordopfers suchte. <br \/> <\/p>\n\n\n\n<figure class=\"wp-block-image size-large\"><img loading=\"lazy\" decoding=\"async\" width=\"1024\" height=\"768\" src=\"https:\/\/www.kontrabassblog.de\/wp-content\/uploads\/2023\/10\/IMG_1768-1024x768.jpeg\" alt=\"\" class=\"wp-image-3573\" srcset=\"https:\/\/www.kontrabassblog.de\/wp-content\/uploads\/2023\/10\/IMG_1768-1024x768.jpeg 1024w, https:\/\/www.kontrabassblog.de\/wp-content\/uploads\/2023\/10\/IMG_1768-500x375.jpeg 500w, https:\/\/www.kontrabassblog.de\/wp-content\/uploads\/2023\/10\/IMG_1768-768x576.jpeg 768w, https:\/\/www.kontrabassblog.de\/wp-content\/uploads\/2023\/10\/IMG_1768-1536x1152.jpeg 1536w, https:\/\/www.kontrabassblog.de\/wp-content\/uploads\/2023\/10\/IMG_1768-2048x1536.jpeg 2048w\" sizes=\"auto, (max-width: 1024px) 100vw, 1024px\" \/><\/figure>\n","protected":false},"excerpt":{"rendered":"<p>2020 starb der Jazzbassist J\u00fcrgen Wuchner. Mitte der 1990er Jahre lebte ich einige Jahre in Darmstadt, und erlebte J\u00fcrgen als Dreh- und Angelpunkt der dortigen Jazzszene. J\u00fcrgens Frau Monika hat nun ein Buch herausgegeben, und 75 Kompositionen J\u00fcrgens posthum ver\u00f6ffentlicht. Das Buch ist toll aufgemacht: Zwei massive Graupappe-B\u00f6gen bilden den Umschlag, und durch die Fadenheftung &hellip; <a href=\"https:\/\/www.kontrabassblog.de\/?p=3566\" class=\"more-link\">Read more <span class=\"screen-reader-text\">Serendipity  \u2013\u00a0Die Kompositionen J\u00fcrgen Wuchners<\/span><\/a><\/p>\n","protected":false},"author":1,"featured_media":3571,"comment_status":"open","ping_status":"open","sticky":false,"template":"","format":"standard","meta":{"footnotes":""},"categories":[1],"tags":[],"class_list":["post-3566","post","type-post","status-publish","format-standard","has-post-thumbnail","hentry","category-allgemein"],"_links":{"self":[{"href":"https:\/\/www.kontrabassblog.de\/index.php?rest_route=\/wp\/v2\/posts\/3566","targetHints":{"allow":["GET"]}}],"collection":[{"href":"https:\/\/www.kontrabassblog.de\/index.php?rest_route=\/wp\/v2\/posts"}],"about":[{"href":"https:\/\/www.kontrabassblog.de\/index.php?rest_route=\/wp\/v2\/types\/post"}],"author":[{"embeddable":true,"href":"https:\/\/www.kontrabassblog.de\/index.php?rest_route=\/wp\/v2\/users\/1"}],"replies":[{"embeddable":true,"href":"https:\/\/www.kontrabassblog.de\/index.php?rest_route=%2Fwp%2Fv2%2Fcomments&post=3566"}],"version-history":[{"count":9,"href":"https:\/\/www.kontrabassblog.de\/index.php?rest_route=\/wp\/v2\/posts\/3566\/revisions"}],"predecessor-version":[{"id":3580,"href":"https:\/\/www.kontrabassblog.de\/index.php?rest_route=\/wp\/v2\/posts\/3566\/revisions\/3580"}],"wp:featuredmedia":[{"embeddable":true,"href":"https:\/\/www.kontrabassblog.de\/index.php?rest_route=\/wp\/v2\/media\/3571"}],"wp:attachment":[{"href":"https:\/\/www.kontrabassblog.de\/index.php?rest_route=%2Fwp%2Fv2%2Fmedia&parent=3566"}],"wp:term":[{"taxonomy":"category","embeddable":true,"href":"https:\/\/www.kontrabassblog.de\/index.php?rest_route=%2Fwp%2Fv2%2Fcategories&post=3566"},{"taxonomy":"post_tag","embeddable":true,"href":"https:\/\/www.kontrabassblog.de\/index.php?rest_route=%2Fwp%2Fv2%2Ftags&post=3566"}],"curies":[{"name":"wp","href":"https:\/\/api.w.org\/{rel}","templated":true}]}}