{"id":3556,"date":"2023-10-21T08:09:54","date_gmt":"2023-10-21T08:09:54","guid":{"rendered":"https:\/\/www.kontrabassblog.de\/?p=3556"},"modified":"2023-10-21T08:10:15","modified_gmt":"2023-10-21T08:10:15","slug":"ein-jahrhundert-jazz","status":"publish","type":"post","link":"https:\/\/www.kontrabassblog.de\/?p=3556","title":{"rendered":"Ein Jahrhundert Jazz"},"content":{"rendered":"\n<figure class=\"wp-block-image size-full\"><img loading=\"lazy\" decoding=\"async\" width=\"637\" height=\"850\" src=\"https:\/\/www.kontrabassblog.de\/wp-content\/uploads\/2023\/10\/jf11-23-Jazz.jpg\" alt=\"\" class=\"wp-image-3557\" srcset=\"https:\/\/www.kontrabassblog.de\/wp-content\/uploads\/2023\/10\/jf11-23-Jazz.jpg 637w, https:\/\/www.kontrabassblog.de\/wp-content\/uploads\/2023\/10\/jf11-23-Jazz-375x500.jpg 375w\" sizes=\"auto, (max-width: 637px) 100vw, 637px\" \/><\/figure>\n\n\n\n<p>Deutsches Jazzfestival, Hessisches Jazzpodium (mit Verleihung des Hessischen Jazzpreises), 7. Jazzfestival des Kulturwerk Die Fabrik \u2013 die n\u00e4chsten Tage und Wochen wird in Frankfurt wieder viel Jazz geboten. Aus diesem Anlass habe ich f\u00fcr das Stadtmagazin <a href=\"http:\/\/www.journal-frankfurt.de\" data-type=\"URL\" data-id=\"www.journal-frankfurt.de\">Journal Frankfurt<\/a> einen ausf\u00fchrlichen Blick auf die inzwischen schon 100j\u00e4hrige Geschichte des Jazz in Frankfurt, die den Jazz ja auch \u00fcber Frankfurt hinaus lange Zeit stark gepr\u00e4gt hat, geworfen. <\/p>\n\n\n\n<p>Das Heft ist ab 26.10. am Kiosk und Zeitschriftenhandel zu haben; au\u00dferdem digital <a href=\"https:\/\/www.journal-frankfurt.de\/journal_ijf_shop\" data-type=\"URL\" data-id=\"https:\/\/www.journal-frankfurt.de\/journal_ijf_shop\">auf dem iPad<\/a>, sowie unter <a href=\"http:\/\/epaper.journal-frankfurt.de\" data-type=\"URL\" data-id=\"epaper.journal-frankfurt.de\">epaper.journal-frankfurt.de<\/a> oder <a href=\"https:\/\/de.readly.com\">Readly<\/a>. <\/p>\n","protected":false},"excerpt":{"rendered":"<p>Deutsches Jazzfestival, Hessisches Jazzpodium (mit Verleihung des Hessischen Jazzpreises), 7. Jazzfestival des Kulturwerk Die Fabrik \u2013 die n\u00e4chsten Tage und Wochen wird in Frankfurt wieder viel Jazz geboten. Aus diesem Anlass habe ich f\u00fcr das Stadtmagazin Journal Frankfurt einen ausf\u00fchrlichen Blick auf die inzwischen schon 100j\u00e4hrige Geschichte des Jazz in Frankfurt, die den Jazz ja &hellip; <a href=\"https:\/\/www.kontrabassblog.de\/?p=3556\" class=\"more-link\">Read more <span class=\"screen-reader-text\">Ein Jahrhundert Jazz<\/span><\/a><\/p>\n","protected":false},"author":1,"featured_media":3557,"comment_status":"open","ping_status":"open","sticky":false,"template":"","format":"standard","meta":{"footnotes":""},"categories":[10],"tags":[],"class_list":["post-3556","post","type-post","status-publish","format-standard","has-post-thumbnail","hentry","category-jazz"],"_links":{"self":[{"href":"https:\/\/www.kontrabassblog.de\/index.php?rest_route=\/wp\/v2\/posts\/3556","targetHints":{"allow":["GET"]}}],"collection":[{"href":"https:\/\/www.kontrabassblog.de\/index.php?rest_route=\/wp\/v2\/posts"}],"about":[{"href":"https:\/\/www.kontrabassblog.de\/index.php?rest_route=\/wp\/v2\/types\/post"}],"author":[{"embeddable":true,"href":"https:\/\/www.kontrabassblog.de\/index.php?rest_route=\/wp\/v2\/users\/1"}],"replies":[{"embeddable":true,"href":"https:\/\/www.kontrabassblog.de\/index.php?rest_route=%2Fwp%2Fv2%2Fcomments&post=3556"}],"version-history":[{"count":1,"href":"https:\/\/www.kontrabassblog.de\/index.php?rest_route=\/wp\/v2\/posts\/3556\/revisions"}],"predecessor-version":[{"id":3558,"href":"https:\/\/www.kontrabassblog.de\/index.php?rest_route=\/wp\/v2\/posts\/3556\/revisions\/3558"}],"wp:featuredmedia":[{"embeddable":true,"href":"https:\/\/www.kontrabassblog.de\/index.php?rest_route=\/wp\/v2\/media\/3557"}],"wp:attachment":[{"href":"https:\/\/www.kontrabassblog.de\/index.php?rest_route=%2Fwp%2Fv2%2Fmedia&parent=3556"}],"wp:term":[{"taxonomy":"category","embeddable":true,"href":"https:\/\/www.kontrabassblog.de\/index.php?rest_route=%2Fwp%2Fv2%2Fcategories&post=3556"},{"taxonomy":"post_tag","embeddable":true,"href":"https:\/\/www.kontrabassblog.de\/index.php?rest_route=%2Fwp%2Fv2%2Ftags&post=3556"}],"curies":[{"name":"wp","href":"https:\/\/api.w.org\/{rel}","templated":true}]}}