{"id":3392,"date":"2022-02-18T09:20:26","date_gmt":"2022-02-18T09:20:26","guid":{"rendered":"https:\/\/www.kontrabassblog.de\/?p=3392"},"modified":"2022-02-18T10:08:41","modified_gmt":"2022-02-18T10:08:41","slug":"internationaler-j-m-sperger-wettbewerb-fuer-kontrabass-2022","status":"publish","type":"post","link":"https:\/\/www.kontrabassblog.de\/?p=3392","title":{"rendered":"Internationaler J.M. Sperger Wettbewerb f\u00fcr Kontrabass 2022"},"content":{"rendered":"\n<p>\u201e<em>Der Internationale J.M. Sperger Wettbewerb f\u00fcr Kontrabass findet vom 27. M\u00e4rz bis 3. April 2022 in der Hanse- und Universit\u00e4tsstadt Rostock statt. Organisiert und veranstaltet wird der Wettbewerb von der Internationalen J.M. Sperger Gesellschaft.\u00a0Schirmherrschaften des Wettbewerbs sind Ministerpr\u00e4sidentin Manuela Schwesig und der Dirigent Thomas Hengelbrock. Die K\u00fcnstlerische Leitung hat Christine Hoock inne, Pr\u00e4sidentin der Sperger Gesellschaft und Univ. Professorin an der Universit\u00e4t Mozarteum Salzburg. Der international renommierte Komponist Toshio Hosokawa schrieb das Auftragswerk \u201eBAI\u201c, das beim Wettbewerb zur Urauff\u00fchrung kommt.<br \/>Ausgetragen werden die vier \u00f6ffentlichen Wertungsrunden in den R\u00e4umen der Hochschule f\u00fcr Musik und Theater Rostock. Bis zu 60 junge KontrabassistInnen aus aller Welt werden erwartet, um ihre \u201emusikalischen Kr\u00e4fte zu messen\u201c und sich freundschaftlich auszutauschen. Die Zulassung zum Wettbewerb erfolgte durch eine Video Auswahl.\u00a0Die Jury ist mit namhaften internationalen SolistInnen besetzt, die sich beim Er\u00f6ffnungskonzert dem Publikum vorstellen. Juryvorsitzender ist Reinhart von Gutzeit. Im Foyer der Hochschule findet parallel zur Veranstaltung eine Instrumentenausstellung statt.\u00a0<br \/>Mit dem Er\u00f6ffnungskonzert der JurorInnen startet am Sonntag, den 27. M\u00e4rz 2022, um 11 Uhr im Katharinensaal der hmt Rostock die spannende Wettbewerbswoche, die mit der Finalrunde der Kandidaten am 3. April um 17:00 ihren H\u00f6hepunkt findet. Begleitet werden die Finalisten von der Norddeutschen Philharmonie Rostock. Bei der anschlie\u00dfenden Preisverleihung werden hohe Geldpreise, zahlreiche Sachpreise und ein Publikumspreis vergeben. Die Oscar und Vera Ritter-Stiftung Hamburg spendet den ersten Preis in H\u00f6he von 8.500,- \u20ac. Eintrittskarten f\u00fcr die Konzerte sind zum Preis von 20 \u20ac \/ erm. 13 \u20ac im Vorverkauf und an der Abendkasse erh\u00e4ltlich.<br \/>Gef\u00f6rdert wird der Wettbewerb unter anderem vom Ministerium f\u00fcr Wissenschaft, Kultur, Bundes- und Europaangelegenheiten und der NDR Musikf\u00f6rderung in Mecklenburg-Vorpommern. Die gesamte Veranstaltung ist im live stream international zu verfolgen. NDR Kultur begleitet die Veranstaltung medial, ein Mitschnitt der Finalrunde wird in der Reihe \u201eDas Konzert\u201c ausgestrahlt.<\/em>\u201c<\/p>\n","protected":false},"excerpt":{"rendered":"<p>\u201eDer Internationale J.M. Sperger Wettbewerb f\u00fcr Kontrabass findet vom 27. M\u00e4rz bis 3. April 2022 in der Hanse- und Universit\u00e4tsstadt Rostock statt. Organisiert und veranstaltet wird der Wettbewerb von der Internationalen J.M. Sperger Gesellschaft.\u00a0Schirmherrschaften des Wettbewerbs sind Ministerpr\u00e4sidentin Manuela Schwesig und der Dirigent Thomas Hengelbrock. Die K\u00fcnstlerische Leitung hat Christine Hoock inne, Pr\u00e4sidentin der Sperger &hellip; <a href=\"https:\/\/www.kontrabassblog.de\/?p=3392\" class=\"more-link\">Read more <span class=\"screen-reader-text\">Internationaler J.M. Sperger Wettbewerb f\u00fcr Kontrabass 2022<\/span><\/a><\/p>\n","protected":false},"author":1,"featured_media":3393,"comment_status":"open","ping_status":"open","sticky":false,"template":"","format":"standard","meta":{"footnotes":""},"categories":[1],"tags":[],"class_list":["post-3392","post","type-post","status-publish","format-standard","has-post-thumbnail","hentry","category-allgemein"],"_links":{"self":[{"href":"https:\/\/www.kontrabassblog.de\/index.php?rest_route=\/wp\/v2\/posts\/3392","targetHints":{"allow":["GET"]}}],"collection":[{"href":"https:\/\/www.kontrabassblog.de\/index.php?rest_route=\/wp\/v2\/posts"}],"about":[{"href":"https:\/\/www.kontrabassblog.de\/index.php?rest_route=\/wp\/v2\/types\/post"}],"author":[{"embeddable":true,"href":"https:\/\/www.kontrabassblog.de\/index.php?rest_route=\/wp\/v2\/users\/1"}],"replies":[{"embeddable":true,"href":"https:\/\/www.kontrabassblog.de\/index.php?rest_route=%2Fwp%2Fv2%2Fcomments&post=3392"}],"version-history":[{"count":2,"href":"https:\/\/www.kontrabassblog.de\/index.php?rest_route=\/wp\/v2\/posts\/3392\/revisions"}],"predecessor-version":[{"id":3396,"href":"https:\/\/www.kontrabassblog.de\/index.php?rest_route=\/wp\/v2\/posts\/3392\/revisions\/3396"}],"wp:featuredmedia":[{"embeddable":true,"href":"https:\/\/www.kontrabassblog.de\/index.php?rest_route=\/wp\/v2\/media\/3393"}],"wp:attachment":[{"href":"https:\/\/www.kontrabassblog.de\/index.php?rest_route=%2Fwp%2Fv2%2Fmedia&parent=3392"}],"wp:term":[{"taxonomy":"category","embeddable":true,"href":"https:\/\/www.kontrabassblog.de\/index.php?rest_route=%2Fwp%2Fv2%2Fcategories&post=3392"},{"taxonomy":"post_tag","embeddable":true,"href":"https:\/\/www.kontrabassblog.de\/index.php?rest_route=%2Fwp%2Fv2%2Ftags&post=3392"}],"curies":[{"name":"wp","href":"https:\/\/api.w.org\/{rel}","templated":true}]}}