{"id":3377,"date":"2021-12-29T11:26:06","date_gmt":"2021-12-29T11:26:06","guid":{"rendered":"https:\/\/www.kontrabassblog.de\/?p=3377"},"modified":"2021-12-29T11:26:45","modified_gmt":"2021-12-29T11:26:45","slug":"neuer-deutscher-jazzpreis","status":"publish","type":"post","link":"https:\/\/www.kontrabassblog.de\/?p=3377","title":{"rendered":"Neuer Deutscher Jazzpreis"},"content":{"rendered":"\n\n\n<p>In 2022 feiert der \u201eNeue Deuschen Jazzpreis\u201c das Jubil\u00e4um seines 15-j\u00e4hrigen Bestehens nach, das 2021 pandemiebedingt ausgefallen ist. Als Kurator f\u00fcr die n\u00e4chste Ausgabe des Preises konnte schwedische Jazzbassist Lars Danielsson gewonnen werden. Am 1.4.2022 wird es ein Kuratorenkonzert von Lars Danielsson mit Gregory Privat geben; am 2.4.2022 findet das Wettbewerbskonzerte der drei Finalisten statt. Der Preis richtet sich an professionell arbeitende Jazzmusiker, die Ihren Hauptwohnsitz in Deutschland haben. Die Bewerbungsphase geht noch bis 31.01.2022. Weitere Informationen gibt es unter <a href=\"http:\/\/www.neuerdeutscherjazzpreis.de.\" data-type=\"URL\" data-id=\"www.neuerdeutscherjazzpreis.de.\">www.neuerdeutscherjazzpreis.de.<\/a><\/p>\n","protected":false},"excerpt":{"rendered":"<p>In 2022 feiert der \u201eNeue Deuschen Jazzpreis\u201c das Jubil\u00e4um seines 15-j\u00e4hrigen Bestehens nach, das 2021 pandemiebedingt ausgefallen ist. Als Kurator f\u00fcr die n\u00e4chste Ausgabe des Preises konnte schwedische Jazzbassist Lars Danielsson gewonnen werden. Am 1.4.2022 wird es ein Kuratorenkonzert von Lars Danielsson mit Gregory Privat geben; am 2.4.2022 findet das Wettbewerbskonzerte der drei Finalisten statt. &hellip; <a href=\"https:\/\/www.kontrabassblog.de\/?p=3377\" class=\"more-link\">Read more <span class=\"screen-reader-text\">Neuer Deutscher Jazzpreis<\/span><\/a><\/p>\n","protected":false},"author":1,"featured_media":3378,"comment_status":"open","ping_status":"open","sticky":false,"template":"","format":"standard","meta":{"footnotes":""},"categories":[1],"tags":[],"class_list":["post-3377","post","type-post","status-publish","format-standard","has-post-thumbnail","hentry","category-allgemein"],"_links":{"self":[{"href":"https:\/\/www.kontrabassblog.de\/index.php?rest_route=\/wp\/v2\/posts\/3377","targetHints":{"allow":["GET"]}}],"collection":[{"href":"https:\/\/www.kontrabassblog.de\/index.php?rest_route=\/wp\/v2\/posts"}],"about":[{"href":"https:\/\/www.kontrabassblog.de\/index.php?rest_route=\/wp\/v2\/types\/post"}],"author":[{"embeddable":true,"href":"https:\/\/www.kontrabassblog.de\/index.php?rest_route=\/wp\/v2\/users\/1"}],"replies":[{"embeddable":true,"href":"https:\/\/www.kontrabassblog.de\/index.php?rest_route=%2Fwp%2Fv2%2Fcomments&post=3377"}],"version-history":[{"count":1,"href":"https:\/\/www.kontrabassblog.de\/index.php?rest_route=\/wp\/v2\/posts\/3377\/revisions"}],"predecessor-version":[{"id":3379,"href":"https:\/\/www.kontrabassblog.de\/index.php?rest_route=\/wp\/v2\/posts\/3377\/revisions\/3379"}],"wp:featuredmedia":[{"embeddable":true,"href":"https:\/\/www.kontrabassblog.de\/index.php?rest_route=\/wp\/v2\/media\/3378"}],"wp:attachment":[{"href":"https:\/\/www.kontrabassblog.de\/index.php?rest_route=%2Fwp%2Fv2%2Fmedia&parent=3377"}],"wp:term":[{"taxonomy":"category","embeddable":true,"href":"https:\/\/www.kontrabassblog.de\/index.php?rest_route=%2Fwp%2Fv2%2Fcategories&post=3377"},{"taxonomy":"post_tag","embeddable":true,"href":"https:\/\/www.kontrabassblog.de\/index.php?rest_route=%2Fwp%2Fv2%2Ftags&post=3377"}],"curies":[{"name":"wp","href":"https:\/\/api.w.org\/{rel}","templated":true}]}}