{"id":3098,"date":"2020-05-03T12:16:58","date_gmt":"2020-05-03T12:16:58","guid":{"rendered":"http:\/\/www.kontrabassblog.de\/?p=3098"},"modified":"2020-05-03T12:17:01","modified_gmt":"2020-05-03T12:17:01","slug":"juergen-wuchner-%e2%80%a0","status":"publish","type":"post","link":"https:\/\/www.kontrabassblog.de\/?p=3098","title":{"rendered":"J\u00fcrgen Wuchner \u2020"},"content":{"rendered":"\n<p>Aus Darmstadt erreicht mich die traurige Nachricht des Todes unseres Kollegen J\u00fcrgen Wuchner. Er\u00a0starb pl\u00f6tzlich und unerwartet am Freitag, den 1. Mai 2020, im Alter von 72 Jahren.<br \/>Ich lernte J\u00fcrgen kennen, als ich Anfang der 1990er Jahre einige Zeit in Darmstadt lebte. Er war, wie das Jazz-Institut in seinem Nachruf zutreffend schreibt, \u201eder\u00a0Mittelpunkt der Darmst\u00e4dter Jazzszene (\u2026)\u00a0dessen Name fast wie ein Synonym f\u00fcr den Jazz in oder aus Darmstadt zu stehen scheint.\u201c<br \/>Uns jungen Jazzmusikern begegnete er immer au\u00dfergew\u00f6hnlich aufgeschlossen und hilfsbereit. Nat\u00fcrlich geh\u00f6rte er zu den Gr\u00fcndungsmitgliedern des F\u00f6rderverein Jazz in Darmstadt, der damals entstand. Und fast 30 Jahre lang leitete er den Sommer-Workshop \u201eJazz Conceptions\u201c in der Bessunger Knabenschule.  <\/p>\n\n\n\n<p>Wuchner\u00a0war seit den 1960er Jahren ein wichtiger Teil der Rhein-Main-Jazzszene. Er arbeitete mit Hans Koller, Heinz Sauer, Herbert Joos, G\u00fcnter Klatt, dem Vienna Art Ensemble und leitete eigene Bands, von dem auf tiefe T\u00f6ne fokussierten Bassic Trio und unterschiedlichen Quartettbesetzungen bis hin zur gr\u00f6\u00dferen Band United Colors of Bessungen, in der Freunde und Kollegen aus der ganzen Region zusammenkamen.<\/p>\n\n\n\n<p><\/p>\n","protected":false},"excerpt":{"rendered":"<p>Aus Darmstadt erreicht mich die traurige Nachricht des Todes unseres Kollegen J\u00fcrgen Wuchner. Er\u00a0starb pl\u00f6tzlich und unerwartet am Freitag, den 1. Mai 2020, im Alter von 72 Jahren.Ich lernte J\u00fcrgen kennen, als ich Anfang der 1990er Jahre einige Zeit in Darmstadt lebte. Er war, wie das Jazz-Institut in seinem Nachruf zutreffend schreibt, \u201eder\u00a0Mittelpunkt der Darmst\u00e4dter &hellip; <a href=\"https:\/\/www.kontrabassblog.de\/?p=3098\" class=\"more-link\">Read more <span class=\"screen-reader-text\">J\u00fcrgen Wuchner \u2020<\/span><\/a><\/p>\n","protected":false},"author":1,"featured_media":3099,"comment_status":"open","ping_status":"open","sticky":false,"template":"","format":"standard","meta":{"footnotes":""},"categories":[10],"tags":[],"class_list":["post-3098","post","type-post","status-publish","format-standard","has-post-thumbnail","hentry","category-jazz"],"_links":{"self":[{"href":"https:\/\/www.kontrabassblog.de\/index.php?rest_route=\/wp\/v2\/posts\/3098","targetHints":{"allow":["GET"]}}],"collection":[{"href":"https:\/\/www.kontrabassblog.de\/index.php?rest_route=\/wp\/v2\/posts"}],"about":[{"href":"https:\/\/www.kontrabassblog.de\/index.php?rest_route=\/wp\/v2\/types\/post"}],"author":[{"embeddable":true,"href":"https:\/\/www.kontrabassblog.de\/index.php?rest_route=\/wp\/v2\/users\/1"}],"replies":[{"embeddable":true,"href":"https:\/\/www.kontrabassblog.de\/index.php?rest_route=%2Fwp%2Fv2%2Fcomments&post=3098"}],"version-history":[{"count":1,"href":"https:\/\/www.kontrabassblog.de\/index.php?rest_route=\/wp\/v2\/posts\/3098\/revisions"}],"predecessor-version":[{"id":3100,"href":"https:\/\/www.kontrabassblog.de\/index.php?rest_route=\/wp\/v2\/posts\/3098\/revisions\/3100"}],"wp:featuredmedia":[{"embeddable":true,"href":"https:\/\/www.kontrabassblog.de\/index.php?rest_route=\/wp\/v2\/media\/3099"}],"wp:attachment":[{"href":"https:\/\/www.kontrabassblog.de\/index.php?rest_route=%2Fwp%2Fv2%2Fmedia&parent=3098"}],"wp:term":[{"taxonomy":"category","embeddable":true,"href":"https:\/\/www.kontrabassblog.de\/index.php?rest_route=%2Fwp%2Fv2%2Fcategories&post=3098"},{"taxonomy":"post_tag","embeddable":true,"href":"https:\/\/www.kontrabassblog.de\/index.php?rest_route=%2Fwp%2Fv2%2Ftags&post=3098"}],"curies":[{"name":"wp","href":"https:\/\/api.w.org\/{rel}","templated":true}]}}