{"id":3026,"date":"2020-03-04T11:08:59","date_gmt":"2020-03-04T11:08:59","guid":{"rendered":"http:\/\/www.kontrabassblog.de\/?p=3026"},"modified":"2020-04-04T10:15:11","modified_gmt":"2020-04-04T10:15:11","slug":"musikmesse-verschoben","status":"publish","type":"post","link":"https:\/\/www.kontrabassblog.de\/?p=3026","title":{"rendered":"Musikmesse verschoben"},"content":{"rendered":"\n<p>Es ist eine sch\u00f6ne Tradition, dass ich jedes Jahr um die Zeit Freikarten f\u00fcr die Musikmesse verlosen darf. Dieses Jahr ist das anders. Die Musikmesse wurde heute abgesagt, wie zuvor schon die Leipziger Buchmesse, die Hannovermesse, der Genfer Autosalon und die Light+Building (Frankfurt). Grund davor ist die Angst vor dem Coronavirus. Stattfinden werden jedoch der Pop-up-Market&nbsp; in der Festhalle (mit Einkaufsm\u00f6glichkeit) und die <a href=\"https:\/\/www.jazz-frankfurt.de\/veranstaltungen\/musikmesse\/\">Konzerte des Musikmesse Festivals <\/a>(f\u00fcr das ich mit der Jazz-Initiative Frankfurt wieder drei Konzerte organisiert habe). Ein Ersatztermin f\u00fcr die eigentliche Musikmesse wurde noch nicht bekannt gegeben.<\/p>\n\n\n\n<p>Das Treffen des Netzwerk Jazz in Hessen, das auf der Messe geplant war (Teilnehmer h\u00e4tten dazu Freikarten bekommen), wird verschoben. Diesen Termin mit Jan-Sebastian Kittel, dem u.a. f\u00fcr Jazz zust\u00e4ndigen Referenten im Ministerium f\u00fcr Wissenschaft und Kunst, werden wir aber bald nachholen (<a href=\"https:\/\/www.netzwerk-jazz-hessen.de\/newsletter\/\">Infos dazu folgen im Newsletter des Netzwerks<\/a>).<\/p>\n\n\n\n<p>Letztes Jahr habe ich auf der Musikmesse mein frisch erschienenes <a href=\"http:\/\/jonaslohse.de\/bassbuch\/\">Kontrabass-Buch<\/a> vorgestellt. Inzwischen ist die erste Auflage tats\u00e4chlich fast ausverkauft (einen Karton habe ich noch). Aber auch dieses Jahr gibt es eine Neuerscheinung aus meinem kleinen Verlag: <a href=\"http:\/\/www.kontrabass-atelier.de\">die Grifftabelle f\u00fcr Jazzgitarre<\/a>. Sie kommt im bew\u00e4hrten Format der Kontrabass-Grifftabelle (A4 Leporello) und ist prall gef\u00fcllt \u2026 h\u00e4tte ich diese Grifftabelle als junger Musiker schon gehabt, w\u00e4re ich vielleicht nicht Bassist, sondern doch Gitarrist geworden \u2026<\/p>\n\n\n\n<p>Die Musikmesse w\u00e4re dieses Jahr zum 40. Male ausgetragen worden. Zu diesem Jubil\u00e4um habe ich f\u00fcr das Frankfurter Stadtmagazin <a href=\"https:\/\/www.journal-frankfurt.de\">\u201eJournal Frankfurt\u201c<\/a> eine Story geschrieben (siehe Abb.), die im Ausgabe 03-20 ver\u00f6ffentlich wurde. Zu haben an Kiosken \u00fcberall in Frankfurt, und nat\u00fcrlich auch digital (<a href=\"https:\/\/www.journal-frankfurt.de\/service_shop_digital\">auf dem iPad <\/a>oder als <a href=\"https:\/\/epaper.journal-frankfurt.de\/de\/profiles\/2b503af5acea\/editions\">ePaper<\/a>).<\/p>\n\n\n\n<div class=\"wp-block-file\"><a href=\"https:\/\/www.kontrabassblog.de\/wp-content\/uploads\/2020\/04\/Journal03-20Musikmesse.pdf\">Artikel als PDF<\/a><a href=\"https:\/\/www.kontrabassblog.de\/wp-content\/uploads\/2020\/04\/Journal03-20Musikmesse.pdf\" class=\"wp-block-file__button\" download>Herunterladen<\/a><\/div>\n","protected":false},"excerpt":{"rendered":"<p>Es ist eine sch\u00f6ne Tradition, dass ich jedes Jahr um die Zeit Freikarten f\u00fcr die Musikmesse verlosen darf. Dieses Jahr ist das anders. Die Musikmesse wurde heute abgesagt, wie zuvor schon die Leipziger Buchmesse, die Hannovermesse, der Genfer Autosalon und die Light+Building (Frankfurt). Grund davor ist die Angst vor dem Coronavirus. Stattfinden werden jedoch der &hellip; <a href=\"https:\/\/www.kontrabassblog.de\/?p=3026\" class=\"more-link\">Read more <span class=\"screen-reader-text\">Musikmesse verschoben<\/span><\/a><\/p>\n","protected":false},"author":1,"featured_media":3027,"comment_status":"open","ping_status":"open","sticky":false,"template":"","format":"standard","meta":{"footnotes":""},"categories":[1],"tags":[],"class_list":["post-3026","post","type-post","status-publish","format-standard","has-post-thumbnail","hentry","category-allgemein"],"_links":{"self":[{"href":"https:\/\/www.kontrabassblog.de\/index.php?rest_route=\/wp\/v2\/posts\/3026","targetHints":{"allow":["GET"]}}],"collection":[{"href":"https:\/\/www.kontrabassblog.de\/index.php?rest_route=\/wp\/v2\/posts"}],"about":[{"href":"https:\/\/www.kontrabassblog.de\/index.php?rest_route=\/wp\/v2\/types\/post"}],"author":[{"embeddable":true,"href":"https:\/\/www.kontrabassblog.de\/index.php?rest_route=\/wp\/v2\/users\/1"}],"replies":[{"embeddable":true,"href":"https:\/\/www.kontrabassblog.de\/index.php?rest_route=%2Fwp%2Fv2%2Fcomments&post=3026"}],"version-history":[{"count":5,"href":"https:\/\/www.kontrabassblog.de\/index.php?rest_route=\/wp\/v2\/posts\/3026\/revisions"}],"predecessor-version":[{"id":3056,"href":"https:\/\/www.kontrabassblog.de\/index.php?rest_route=\/wp\/v2\/posts\/3026\/revisions\/3056"}],"wp:featuredmedia":[{"embeddable":true,"href":"https:\/\/www.kontrabassblog.de\/index.php?rest_route=\/wp\/v2\/media\/3027"}],"wp:attachment":[{"href":"https:\/\/www.kontrabassblog.de\/index.php?rest_route=%2Fwp%2Fv2%2Fmedia&parent=3026"}],"wp:term":[{"taxonomy":"category","embeddable":true,"href":"https:\/\/www.kontrabassblog.de\/index.php?rest_route=%2Fwp%2Fv2%2Fcategories&post=3026"},{"taxonomy":"post_tag","embeddable":true,"href":"https:\/\/www.kontrabassblog.de\/index.php?rest_route=%2Fwp%2Fv2%2Ftags&post=3026"}],"curies":[{"name":"wp","href":"https:\/\/api.w.org\/{rel}","templated":true}]}}