{"id":2878,"date":"2018-10-26T14:04:14","date_gmt":"2018-10-26T14:04:14","guid":{"rendered":"http:\/\/www.kontrabassblog.de\/?p=2878"},"modified":"2018-10-26T14:04:14","modified_gmt":"2018-10-26T14:04:14","slug":"frisch-aus-der-druckerei-das-kontrabass-buch","status":"publish","type":"post","link":"https:\/\/www.kontrabassblog.de\/?p=2878","title":{"rendered":"Frisch aus der Druckerei: Das Kontrabass-Buch"},"content":{"rendered":"<p>Letzte Woche kam es aus Druckerei, und ein erster Schwung B\u00fccher wurde auch schon verschickt: <a href=\"http:\/\/www.kontrabass-atelier.de\/zubehoer.html#buch\">Das Kontrabass-Buch <\/a>von Jonas Lohse.<\/p>\n<p>Ein Buch \u00fcber Geschichte und Bau des Instruments, wichtige Bassisten, und \u00fcber den Kontrabass in der klassischen Musik und im Jazz. Die zahlreichen Fotos, Illustrationen und Infografiken machen das Kontrabass-Buch zu einer kurzweiligen Lekt\u00fcre f\u00fcr jeden Kontrabass-Liebhaber.<\/p>\n<blockquote><p>\u201eDas Kontrabass Buch gibt einen kompletten \u00dcberblick \u00fcber den Kontrabass in Jazz und Klassischer Musik. Hunderte von Fotos, Geschichten \u00fcber Bassisten und Bassbauer und eine detailreiche Forschungsarbeit machen das Buch zu einer Pflichtlekt\u00fcre f\u00fcr alle Kontrabassisten und Musikfreunde.\u201c<br \/>\n\u2013 John Goldsby (Bassist WDR-BigBand und Autor)<\/p><\/blockquote>\n<p>Das Kontrabass-Buch ist <a href=\"http:\/\/www.kontrabass-atelier.de\/zubehoer.html#buch\">direkt bei mir<\/a> oder im Buchhandel bestellbar:\u00a0ISBN 978-3-00-060798-1,\u00a0224 Seiten, durchgehend 4-farbig illustriert,\u00a0Hardcover,\u00a039,\u2013 \u20ac<\/p>\n<p>Eine Vorschau gibt es <a href=\"http:\/\/www.jonaslohse.de\/bassbuch\/\">nach dem Klick<\/a>.<br \/>\n<img loading=\"lazy\" decoding=\"async\" class=\"alignright wp-image-2879 size-large\" src=\"https:\/\/www.kontrabassblog.de\/wp-content\/uploads\/2018\/10\/IMG_3647-1024x768.jpg\" alt=\"\" width=\"660\" height=\"495\" srcset=\"https:\/\/www.kontrabassblog.de\/wp-content\/uploads\/2018\/10\/IMG_3647-1024x768.jpg 1024w, https:\/\/www.kontrabassblog.de\/wp-content\/uploads\/2018\/10\/IMG_3647-500x375.jpg 500w, https:\/\/www.kontrabassblog.de\/wp-content\/uploads\/2018\/10\/IMG_3647-768x576.jpg 768w\" sizes=\"auto, (max-width: 660px) 100vw, 660px\" \/><\/p>\n<p>&nbsp;<\/p>\n<p>&nbsp;<\/p>\n<p>&nbsp;<\/p>\n<p>&nbsp;<\/p>\n","protected":false},"excerpt":{"rendered":"<p>Frisch aus der Druckerei: Das Kontrabass-Buch von Jonas Lohse<\/p>\n","protected":false},"author":1,"featured_media":2879,"comment_status":"open","ping_status":"open","sticky":false,"template":"","format":"standard","meta":{"footnotes":""},"categories":[14,7],"tags":[],"class_list":["post-2878","post","type-post","status-publish","format-standard","has-post-thumbnail","hentry","category-bassbau","category-neue-produkte"],"_links":{"self":[{"href":"https:\/\/www.kontrabassblog.de\/index.php?rest_route=\/wp\/v2\/posts\/2878","targetHints":{"allow":["GET"]}}],"collection":[{"href":"https:\/\/www.kontrabassblog.de\/index.php?rest_route=\/wp\/v2\/posts"}],"about":[{"href":"https:\/\/www.kontrabassblog.de\/index.php?rest_route=\/wp\/v2\/types\/post"}],"author":[{"embeddable":true,"href":"https:\/\/www.kontrabassblog.de\/index.php?rest_route=\/wp\/v2\/users\/1"}],"replies":[{"embeddable":true,"href":"https:\/\/www.kontrabassblog.de\/index.php?rest_route=%2Fwp%2Fv2%2Fcomments&post=2878"}],"version-history":[{"count":1,"href":"https:\/\/www.kontrabassblog.de\/index.php?rest_route=\/wp\/v2\/posts\/2878\/revisions"}],"predecessor-version":[{"id":2880,"href":"https:\/\/www.kontrabassblog.de\/index.php?rest_route=\/wp\/v2\/posts\/2878\/revisions\/2880"}],"wp:featuredmedia":[{"embeddable":true,"href":"https:\/\/www.kontrabassblog.de\/index.php?rest_route=\/wp\/v2\/media\/2879"}],"wp:attachment":[{"href":"https:\/\/www.kontrabassblog.de\/index.php?rest_route=%2Fwp%2Fv2%2Fmedia&parent=2878"}],"wp:term":[{"taxonomy":"category","embeddable":true,"href":"https:\/\/www.kontrabassblog.de\/index.php?rest_route=%2Fwp%2Fv2%2Fcategories&post=2878"},{"taxonomy":"post_tag","embeddable":true,"href":"https:\/\/www.kontrabassblog.de\/index.php?rest_route=%2Fwp%2Fv2%2Ftags&post=2878"}],"curies":[{"name":"wp","href":"https:\/\/api.w.org\/{rel}","templated":true}]}}