{"id":286,"date":"2007-07-05T23:14:06","date_gmt":"2007-07-05T21:14:06","guid":{"rendered":"http:\/\/www.kontrabassblog.de\/?p=286"},"modified":"2007-07-05T23:14:58","modified_gmt":"2007-07-05T21:14:58","slug":"aufnahmesession-mit-lafaros-prescott","status":"publish","type":"post","link":"https:\/\/www.kontrabassblog.de\/?p=286","title":{"rendered":"Aufnahmesession mit LaFaros Prescott"},"content":{"rendered":"<p>Erstmals seit Scott LaFaros tragischen Unfalltod 1961 wird sein <a target=\"_blank\" href=\"http:\/\/kolstein.cybrhost.com\/mm5\/merchant.mvc?Screen=PROD&#038;Store_Code=KMI&#038;Product_Code=b1287&#038;Category_Code=\">Prescott-Bass<\/a>, mit dem er u. a. die legend\u00e4ren Village Vanguard-Sessions spielte, wieder f\u00fcr Aufnahmen gespielt werden. <a target=\"_blank\" href=\"http:\/\/www.kolstein.com\">Barrie Kolstein<\/a>, Bassbauer aus NYC, bekam die Teile des zerst\u00f6rten Basses nach dem Unfall von LaFaros Familie \u00fcberlassen und hat das Instrument 1988 restauriert. Barrie Kolstein schreibt an Bill-Evans-Experten <a target=\"_blank\" href=\"http:\/\/www.billevanswebpages.com\">Win Hinkle<\/a>: &#8220;The Bass will be recorded for the first time since the Vanguard album. I have agreed to have Marc Johnson utilize the bass for several cuts on his new album, which will be a tribute album to Bill Evans. As we all know Marc was the last bassist to be a member of the Bill Evan&#8217;s Trio and I could not ask for a better situation to have the Bass be recorded again. Marc is a fantastic player, and individual and truly has a deep seated respect and love for all that Scotty accomplished in his life. I am deeply honored to have Marc utilize the bass and it is my pleasure to donate the services of the bass for use on the album. (..) Jack Frisch who brought the bass to Avatar Recording Studios to Marc for me, is a Web designer and photographer. He is documenting the recording session and actually stopped in front of the Village Vanguard before he went to Avatar Studios and photographed the Bass ( in the trunk in his car) in front of the Vanguard&#8230; I think this was such a nice thing to do to bring the bass back to the Vanguard, before it was once again recorded &#8230; definitely good Karma for this entire project.&#8221;<\/p>\n","protected":false},"excerpt":{"rendered":"<p>Erstmals seit Scott LaFaros tragischen Unfalltod 1961 wird sein Prescott-Bass, mit dem er u. a. die legend\u00e4ren Village Vanguard-Sessions spielte, wieder f\u00fcr Aufnahmen gespielt werden. Barrie Kolstein, Bassbauer aus NYC, bekam die Teile des zerst\u00f6rten Basses nach dem Unfall von LaFaros Familie \u00fcberlassen und hat das Instrument 1988 restauriert. Barrie Kolstein schreibt an Bill-Evans-Experten Win &hellip; <a href=\"https:\/\/www.kontrabassblog.de\/?p=286\" class=\"more-link\">Read more <span class=\"screen-reader-text\">Aufnahmesession mit LaFaros Prescott<\/span><\/a><\/p>\n","protected":false},"author":1,"featured_media":0,"comment_status":"open","ping_status":"open","sticky":false,"template":"","format":"standard","meta":{"footnotes":""},"categories":[1],"tags":[],"class_list":["post-286","post","type-post","status-publish","format-standard","hentry","category-allgemein"],"_links":{"self":[{"href":"https:\/\/www.kontrabassblog.de\/index.php?rest_route=\/wp\/v2\/posts\/286","targetHints":{"allow":["GET"]}}],"collection":[{"href":"https:\/\/www.kontrabassblog.de\/index.php?rest_route=\/wp\/v2\/posts"}],"about":[{"href":"https:\/\/www.kontrabassblog.de\/index.php?rest_route=\/wp\/v2\/types\/post"}],"author":[{"embeddable":true,"href":"https:\/\/www.kontrabassblog.de\/index.php?rest_route=\/wp\/v2\/users\/1"}],"replies":[{"embeddable":true,"href":"https:\/\/www.kontrabassblog.de\/index.php?rest_route=%2Fwp%2Fv2%2Fcomments&post=286"}],"version-history":[{"count":0,"href":"https:\/\/www.kontrabassblog.de\/index.php?rest_route=\/wp\/v2\/posts\/286\/revisions"}],"wp:attachment":[{"href":"https:\/\/www.kontrabassblog.de\/index.php?rest_route=%2Fwp%2Fv2%2Fmedia&parent=286"}],"wp:term":[{"taxonomy":"category","embeddable":true,"href":"https:\/\/www.kontrabassblog.de\/index.php?rest_route=%2Fwp%2Fv2%2Fcategories&post=286"},{"taxonomy":"post_tag","embeddable":true,"href":"https:\/\/www.kontrabassblog.de\/index.php?rest_route=%2Fwp%2Fv2%2Ftags&post=286"}],"curies":[{"name":"wp","href":"https:\/\/api.w.org\/{rel}","templated":true}]}}