{"id":2672,"date":"2018-01-28T10:20:50","date_gmt":"2018-01-28T10:20:50","guid":{"rendered":"http:\/\/www.kontrabassblog.de\/?p=2672"},"modified":"2018-01-28T10:20:50","modified_gmt":"2018-01-28T10:20:50","slug":"neuveroeffentlichung-bass-perspektiven-im-jazz-zwischen-frankfurt-und-freiburg","status":"publish","type":"post","link":"https:\/\/www.kontrabassblog.de\/?p=2672","title":{"rendered":"Neuver\u00f6ffentlichung: \u201eBass-Perspektiven im Jazz zwischen Frankfurt und Freiburg\u201c"},"content":{"rendered":"<p><img loading=\"lazy\" decoding=\"async\" class=\"alignleft size-thumbnail\" src=\"http:\/\/www.olms.de\/imagecache\/scale.aspx?size=5&amp;pr=9783487155944\" width=\"200\" height=\"294\" \/>Eine Neuver\u00f6ffentlichung besch\u00e4ftigt sich mit der deutschen Jazz-Bass-Szene in S\u00fcddeutschland:<\/p>\n<blockquote><p>Zwischen Frankfurt am Main und Freiburg im Breisgau vollzogen sich in den Jahrzehnten nach dem Ende des Zweiten Weltkriegs wichtige Entwicklungen hin zum modernen Jazz. Die jeweiligen gr\u00f6\u00dferen lokalen Szenen \u2013 neben Frankfurt und Freiburg noch Mannheim\/Heidelberg und Stuttgart \u2013 standen miteinander im Austausch und wirkten pr\u00e4gend f\u00fcr den Jazz der jungen Bundesrepublik. Folglich kam auch den Kontrabassisten dieser Szenen eine besondere Bedeutung zu. Den Schwerpunkt im vorliegenden Buch bildet die Generation von Peter Trunk, G\u00fcnter Lenz und Eberhard Weber \u2013 Jahrg\u00e4nge 1936, 1938 und 1940. Hinzu treten mit Thomas Stabenow (*1952) und Dieter Ilg (*1961) zwei Vertreter j\u00fcngerer Generationen, die beispielhaft f\u00fcr weitere wichtige Entwicklungen stehen. Im ersten Teil des Buches wird eine vergleichende musikwissenschaftliche Untersuchung der Entwicklungen von Trunk und Weber unternommen; der zweite Teil besteht aus drei ausf\u00fchrlichen Gespr\u00e4chen mit Lenz, Stabenow und Ilg.<\/p><\/blockquote>\n<p><em>J\u00fcrgen Arndt; Thomas Stabenow<\/em>: Kontra \u2013 Bass-Perspektiven im Jazz zwischen Frankfurt und Freiburg: Peter Trunk, G\u00fcnter Lenz, Eberhard Weber, Thomas Stabenow, Dieter Ilg<br \/>\nISBN: 978-3-487-15594-4, Verlag:\u00a0<a href=\"http:\/\/www.olms.de\/search\/Detail.aspx?pr=2009380\">www.olms.de<\/a><\/p>\n","protected":false},"excerpt":{"rendered":"<p>Eine Neuver\u00f6ffentlichung besch\u00e4ftigt sich mit der deutschen Jazz-Bass-Szene in S\u00fcddeutschland: Zwischen Frankfurt am Main und Freiburg im Breisgau vollzogen sich in den Jahrzehnten nach dem Ende des Zweiten Weltkriegs wichtige Entwicklungen hin zum modernen Jazz. Die jeweiligen gr\u00f6\u00dferen lokalen Szenen \u2013 neben Frankfurt und Freiburg noch Mannheim\/Heidelberg und Stuttgart \u2013 standen miteinander im Austausch und &hellip; <a href=\"https:\/\/www.kontrabassblog.de\/?p=2672\" class=\"more-link\">Read more <span class=\"screen-reader-text\">Neuver\u00f6ffentlichung: \u201eBass-Perspektiven im Jazz zwischen Frankfurt und Freiburg\u201c<\/span><\/a><\/p>\n","protected":false},"author":1,"featured_media":0,"comment_status":"open","ping_status":"open","sticky":false,"template":"","format":"standard","meta":{"footnotes":""},"categories":[1],"tags":[],"class_list":["post-2672","post","type-post","status-publish","format-standard","hentry","category-allgemein"],"_links":{"self":[{"href":"https:\/\/www.kontrabassblog.de\/index.php?rest_route=\/wp\/v2\/posts\/2672","targetHints":{"allow":["GET"]}}],"collection":[{"href":"https:\/\/www.kontrabassblog.de\/index.php?rest_route=\/wp\/v2\/posts"}],"about":[{"href":"https:\/\/www.kontrabassblog.de\/index.php?rest_route=\/wp\/v2\/types\/post"}],"author":[{"embeddable":true,"href":"https:\/\/www.kontrabassblog.de\/index.php?rest_route=\/wp\/v2\/users\/1"}],"replies":[{"embeddable":true,"href":"https:\/\/www.kontrabassblog.de\/index.php?rest_route=%2Fwp%2Fv2%2Fcomments&post=2672"}],"version-history":[{"count":1,"href":"https:\/\/www.kontrabassblog.de\/index.php?rest_route=\/wp\/v2\/posts\/2672\/revisions"}],"predecessor-version":[{"id":2674,"href":"https:\/\/www.kontrabassblog.de\/index.php?rest_route=\/wp\/v2\/posts\/2672\/revisions\/2674"}],"wp:attachment":[{"href":"https:\/\/www.kontrabassblog.de\/index.php?rest_route=%2Fwp%2Fv2%2Fmedia&parent=2672"}],"wp:term":[{"taxonomy":"category","embeddable":true,"href":"https:\/\/www.kontrabassblog.de\/index.php?rest_route=%2Fwp%2Fv2%2Fcategories&post=2672"},{"taxonomy":"post_tag","embeddable":true,"href":"https:\/\/www.kontrabassblog.de\/index.php?rest_route=%2Fwp%2Fv2%2Ftags&post=2672"}],"curies":[{"name":"wp","href":"https:\/\/api.w.org\/{rel}","templated":true}]}}