{"id":2625,"date":"2017-10-20T13:08:56","date_gmt":"2017-10-20T13:08:56","guid":{"rendered":"http:\/\/www.kontrabassblog.de\/?p=2625"},"modified":"2017-10-20T13:10:28","modified_gmt":"2017-10-20T13:10:28","slug":"bahn-bewirbt-ice-reisen-mit-kontrabass-mitnahme","status":"publish","type":"post","link":"https:\/\/www.kontrabassblog.de\/?p=2625","title":{"rendered":"Bahn bewirbt ICE-Reisen mit Kontrabass-Mitnahme"},"content":{"rendered":"<p>Ganz neue T\u00f6ne im Bahnreiseverkehr:\u00a0Die Bahn bewirbt ICE-Gruppentickets mit der Mitnahme von Kontrabass und Harfe. Wer mal mit dem Bass im ICE war, wei\u00df, dass das die Schaffner oft ganz anders sehen. Von den anderen Fahrg\u00e4sten mal ganz zu schweigen \u2026\u00a0Tipp f\u00fcr die n\u00e4chste Bahnreise: Anzeige Ausdrucken, mitnehmen und den N\u00f6rglern unter die Nase halten.<\/p>\n<p><a href=\"https:\/\/www.bahn.de\/p\/view\/angebot\/gruppen\/sparpreis-gruppe-philharmoniker.shtml?dbkanal_006=L01_S01_D001_KTL0006_FV-SP-2017_FB-AD-SPARPREIS-GRUPPE-KULTUR_LZ01\">www.bahn.de\/p\/view\/angebot\/gruppen\/sparpreis-gruppe-philharmoniker.shtml<\/a><\/p>\n<p><a href=\"https:\/\/www.bahn.de\/p\/view\/angebot\/gruppen\/sparpreis-gruppe-philharmoniker.shtml?dbkanal_006=L01_S01_D001_KTL0006_FV-SP-2017_FB-AD-SPARPREIS-GRUPPE-KULTUR_LZ01\"><img loading=\"lazy\" decoding=\"async\" class=\"alignleft wp-image-2626 size-full\" src=\"https:\/\/www.kontrabassblog.de\/wp-content\/uploads\/2017\/10\/bahn.png\" alt=\"\" width=\"985\" height=\"732\" srcset=\"https:\/\/www.kontrabassblog.de\/wp-content\/uploads\/2017\/10\/bahn.png 985w, https:\/\/www.kontrabassblog.de\/wp-content\/uploads\/2017\/10\/bahn-500x372.png 500w, https:\/\/www.kontrabassblog.de\/wp-content\/uploads\/2017\/10\/bahn-768x571.png 768w\" sizes=\"auto, (max-width: 985px) 100vw, 985px\" \/><\/a><\/p>\n","protected":false},"excerpt":{"rendered":"<p>Ganz neue T\u00f6ne im Bahnreiseverkehr:\u00a0Die Bahn bewirbt ICE-Gruppentickets mit der Mitnahme von Kontrabass und Harfe. Wer mal mit dem Bass im ICE war, wei\u00df, dass das die Schaffner oft ganz anders sehen. Von den anderen Fahrg\u00e4sten mal ganz zu schweigen \u2026\u00a0Tipp f\u00fcr die n\u00e4chste Bahnreise: Anzeige Ausdrucken, mitnehmen und den N\u00f6rglern unter die Nase halten. &hellip; <a href=\"https:\/\/www.kontrabassblog.de\/?p=2625\" class=\"more-link\">Read more <span class=\"screen-reader-text\">Bahn bewirbt ICE-Reisen mit Kontrabass-Mitnahme<\/span><\/a><\/p>\n","protected":false},"author":1,"featured_media":2626,"comment_status":"open","ping_status":"open","sticky":false,"template":"","format":"standard","meta":{"footnotes":""},"categories":[1],"tags":[],"class_list":["post-2625","post","type-post","status-publish","format-standard","has-post-thumbnail","hentry","category-allgemein"],"_links":{"self":[{"href":"https:\/\/www.kontrabassblog.de\/index.php?rest_route=\/wp\/v2\/posts\/2625","targetHints":{"allow":["GET"]}}],"collection":[{"href":"https:\/\/www.kontrabassblog.de\/index.php?rest_route=\/wp\/v2\/posts"}],"about":[{"href":"https:\/\/www.kontrabassblog.de\/index.php?rest_route=\/wp\/v2\/types\/post"}],"author":[{"embeddable":true,"href":"https:\/\/www.kontrabassblog.de\/index.php?rest_route=\/wp\/v2\/users\/1"}],"replies":[{"embeddable":true,"href":"https:\/\/www.kontrabassblog.de\/index.php?rest_route=%2Fwp%2Fv2%2Fcomments&post=2625"}],"version-history":[{"count":2,"href":"https:\/\/www.kontrabassblog.de\/index.php?rest_route=\/wp\/v2\/posts\/2625\/revisions"}],"predecessor-version":[{"id":2629,"href":"https:\/\/www.kontrabassblog.de\/index.php?rest_route=\/wp\/v2\/posts\/2625\/revisions\/2629"}],"wp:featuredmedia":[{"embeddable":true,"href":"https:\/\/www.kontrabassblog.de\/index.php?rest_route=\/wp\/v2\/media\/2626"}],"wp:attachment":[{"href":"https:\/\/www.kontrabassblog.de\/index.php?rest_route=%2Fwp%2Fv2%2Fmedia&parent=2625"}],"wp:term":[{"taxonomy":"category","embeddable":true,"href":"https:\/\/www.kontrabassblog.de\/index.php?rest_route=%2Fwp%2Fv2%2Fcategories&post=2625"},{"taxonomy":"post_tag","embeddable":true,"href":"https:\/\/www.kontrabassblog.de\/index.php?rest_route=%2Fwp%2Fv2%2Ftags&post=2625"}],"curies":[{"name":"wp","href":"https:\/\/api.w.org\/{rel}","templated":true}]}}