{"id":259,"date":"2007-05-30T16:13:25","date_gmt":"2007-05-30T14:13:25","guid":{"rendered":"http:\/\/www.kontrabassblog.de\/?p=259"},"modified":"2007-05-30T16:20:00","modified_gmt":"2007-05-30T14:20:00","slug":"bildungsreise-nach-moers","status":"publish","type":"post","link":"https:\/\/www.kontrabassblog.de\/?p=259","title":{"rendered":"Bildungsreise nach Moers"},"content":{"rendered":"<p><img decoding=\"async\" align=\"right\" title=\"m_rs_logo_rgb_02.gif\" id=\"image260\" alt=\"m_rs_logo_rgb_02.gif\" src=\"https:\/\/www.kontrabassblog.de\/wp-content\/uploads\/2007\/05\/m_rs_logo_rgb_02.gif\" \/>Am zur\u00fcckliegenden Pfingstwochende fand in Moers das allj\u00e4hrliche <strong><a target=\"_blank\" href=\"http:\/\/www.moersfestival.info\">moers festival<\/a><\/strong> statt. Meine Frau besuchte das Festival bereits einmal in ihrer Jugend, und nachdem sie im letzten Jahr dort aufgetreten war, machte sie den Vorschlag, in diesem Jahr doch mal einen Familienausflug nach Moers zu unternehmen. Um das Festivalzelt herum werden n\u00e4mlich vom Veranstalter Fl\u00e4chen f\u00fcr Zelt- und Wohnmobilcamper ausgewiesen \u2013 ein toller Anlass, um uns einmal ein Wohnmobil zu leihen und eine Campingreise zu unternehmen.<\/p>\n<p>Neben dem Konzertpublikum zieht das Festival auch unz\u00e4hlige, \u00fcberwiegend trinkfreudige Camping-G\u00e4ste an. Zu den f\u00fcr Jazzfestivals obligatorischen Freaks und Alt-Hippies gesellen sich Punks, Skinheads, Heavy-Metal-Fans, Autonome, Hunde, und Jesus-Freaks. Dazu noch Familien und sonstiges, eher b\u00fcrgerliches Publikum \u2013 eine ziemlich heterogene Menschenansammlung also. (Interessant ist in diesem Zusammenhang, das der Springer-Konzern das Festival nutzte, um in Moers kostenlose Bild-Zeitungen zu verteilen. Kaum ein Punk, der einem nicht mit der Bild-Zeitung unterm Arm  vom morgendlichen Br\u00f6tchenholen entgegenkam \u2013 <em>das<\/em> h\u00e4tte es fr\u00fcher nicht gegeben!)<br \/>\nAm Eingang zum Konzertzelt die n\u00e4chste Irritation: es wird Ohropax verteilt. Damit wollen sich die Festivalmacher nicht etwa von ihrer Programmgestaltung distanzieren, nein: man warnt vor zum Teil zu hoher Lautst\u00e4rke der Konzerte. Eine umsichtige Geste, aber warum l\u00f6st man das nicht einfach  mittels Mischpultregler? Das Programm ist in Moers traditionell sehr bunt gemischt und avantgardistisch. Am Freitag schauten wir kurz bei der skanidinavischen Rockband <a target=\"_blank\" href=\"http:\/\/www.moersfestival.info\/2007\/programm-2007\/freitag-25-mai-2007\/ultralyd-n.html?PHPSESSID=b572e175850b67d23def4918fbdd81e2\"><em>Ultralyd<\/em><\/a> herein, und anschlie\u00dfend bei <a target=\"_blank\" href=\"http:\/\/www.moersfestival.info\/2007\/programm-2007\/freitag-25-mai-2007\/sharon-jones-the-dap-kings-new-york.html?PHPSESSID=b572e175850b67d23def4918fbdd81e2\"><em>Sharon Jones and<\/em><\/a><em><a target=\"_blank\" href=\"http:\/\/www.moersfestival.info\/2007\/programm-2007\/freitag-25-mai-2007\/sharon-jones-the-dap-kings-new-york.html?PHPSESSID=b572e175850b67d23def4918fbdd81e2\"> The Dap Kings<\/a> \u2013<\/em> einer klassische Soulband aus NYC. Aber erst Eckard Koltermanns Band <a target=\"_blank\" href=\"http:\/\/www.moersfestival.info\/2007\/programm-2007\/samstag-26-mai-2007\/eckard-koltermann-border-hopping-dnl.html?PHPSESSID=b572e175850b67d23def4918fbdd81e2\"><em>Border Hopping<\/em><\/a> bringt am Samstag mit Markus Conrads den ersten Kontrabassisten des Festivals auf die B\u00fchne. Insgesamt \u00fcberwogen in Moers Besetzungen mit E-Bass oder ganz ohne Bass \u2013 was die dargebotenen Musikgenres fast schon hinreichend charakterisiert. Auch die australische Jazzpianistin <a target=\"_blank\" href=\"http:\/\/www.moersfestival.info\/2007\/programm-2007\/sonntag-27-mai-2007\/andrea-keller-quartet-melbourne.html?PHPSESSID=b572e175850b67d23def4918fbdd81e2\"><em>Andrea Keller<\/em><\/a> tritt mit einem basslosen Quartett auf \u2013 als ihr Bassist vor einiger Zeit nach New York ausgewandert ist, beschloss sie, die L\u00fccke konzeptionell zu f\u00fcllen. Zuvor sahen wir noch die japanische Band <a target=\"_blank\" href=\"http:\/\/www.moersfestival.info\/2007\/programm-2007\/samstag-26-mai-2007\/cornelius-tokyo.html?PHPSESSID=b572e175850b67d23def4918fbdd81e2\"><em>Cornelius<\/em><\/a>, die gef\u00e4llige Popmusik mit einer eindrucksvoll auf den Punkt getimten Video- und Lichtprojektion kombinierte, und die Band <a target=\"_blank\" href=\"http:\/\/www.moersfestival.info\/2007\/programm-2007\/sonntag-27-mai-2007\/gnawa-crossroads-europenorth-africa.html?PHPSESSID=b572e175850b67d23def4918fbdd81e2\"><em>Gnawa Crossroads<\/em><\/a>, die Musik und wallende Gew\u00e4nder ihrer nordafrikanischen Heimat pr\u00e4sentierte \u2013 optisch wie musikaisch ein Gegensatz, wie er gr\u00f6\u00dfer kaum sein k\u00f6nnte.<\/p>\n<p>Ein Merkmal bestimmter Festivals sind speziell zusammengestellte Besetzungen, von den Programmgestaltern initiierte Festivalprojekte. Auch im Programmheft  von Moers liest man viel von &#8220;musikalischen Wunschpartnern&#8221; und der &#8220;Erf\u00fcllung langgehegter (Musiker-)Tr\u00e4ume&#8221;  durch die Programmgestalter. Nat\u00fcrlich kann ein Festival M\u00f6glichkeiten bieten, die sich f\u00fcr die Musiker so sonst nicht ergeben. Zudem ist nachvollziehbar, dass sich ein Festivalprogramm vom \u00fcbrigen Konzertbetrieb abheben m\u00f6chte, indem es Musiker in neuen, auch mal ungewohnten Konstellationen auftreten l\u00e4sst. Ich finde es aber oft sehr schade, wenn gut eingespielte Bands nicht die M\u00f6glichkeit haben, ihr eigentliches Programm zu pr\u00e4sentieren, sondern stattdessen eine Konzeptaufgabe gestellt bekommen, um vermeintlich &#8220;ausgetretene Pfade zu verlassen&#8221;. (Moers ist damit allerdings nicht allein: bei unserem Frankfurter Jazzfestival scheint es f\u00fcr die Verantwortlichen das H\u00f6chste zu sein, Jazzmusiker zusammen mit abgehalfterten Rock-Idolen ihrer Jugend auf die B\u00fchne zu bringen. Warum darf ein Jazzfestival nicht einfach ein Jazzfestival sein?)<br \/>\nAuch <a target=\"_blank\" href=\"http:\/\/www.moersfestival.info\/2007\/programm-2007\/sonntag-27-mai-2007\/steve-coleman-five-elements-feat-opus-akoben.html?PHPSESSID=b572e175850b67d23def4918fbdd81e2\"><em>Steve Coleman<\/em><\/a>, einer der Top-Acts des Festivals, fiel so mutma\u00dflich einer Konzeptidee der Programmmacher zum Opfer. Neben Colemans Sextett standen bzw. sa\u00dfen vier Hiphop-Musiker auf der B\u00fchne, die von Colemans rhythmisch und metrisch anspruchsvoller Musik aber etwas \u00fcberfordert wirkten. Lediglich der Schlagzeuger konnte sich wirklich intigrieren. Die beiden Frontmen sa\u00dfen hinter ihren Keyboards wie Alleinunterhalter hinter der Heimorgel, und dr\u00fcckten gelegentlich ein paar Kn\u00f6pfe \u2013 wozu, blieb unklar. Mit Colemans Bassist Thomas Morgan stand \u00fcbrigens auch endlich wieder ein Kontrabass auf der B\u00fchne.<br \/>\n<em>Haden Chisholm&#8217;s The Ambassadors<\/em> (zwei Bl\u00e4ser, zwei Streicher, Schlagzeug, Kontrabass) bildete einen gelungenen Abschluss unseres Moers-Besuchs. Endlich mal wieder Harmonien! Akkorde! Dynamik! Eine Band, die man gerne auch nochmal in der Musik zutr\u00e4glicherer Clubatmosph\u00e4re sehen m\u00f6chte.<\/p>\n<p>Insgesamt pr\u00e4sentierte sich das moers festival als eine sehr gut und engagiert organiserte Veranstaltung. Die <a target=\"_blank\" href=\"http:\/\/www.moersfestival.info\">Website<\/a> bietet neben den Programmheft-Texten auch Links zu Musikbeispielen und sogar <a target=\"_blank\" href=\"http:\/\/www.moersfestival.info\/2007\/downloads\/podcast.html?PHPSESSID=b572e175850b67d23def4918fbdd81e2\">Podcasts und Videocasts<\/a>. Vorort kann man das Festivalgeschehen auf dem eigenen Radiosender mitverfolgen, und sogar die Pausenmusik (<a target=\"_blank\" href=\"http:\/\/www.snaut.at\/?musik\">&#8220;Aaantooon!&#8221;<\/a>) l\u00e4sst sich als mp3 herunterladen. Musikalisch gesehen ist es aber konsequent, dass das Festival bereits seit einiger Zeit nicht mehr als <em>Jazz<\/em>-Festival firmiert, denn Jazz spielt hier tats\u00e4chlich nur noch eine Nebenrolle.<\/p>\n","protected":false},"excerpt":{"rendered":"<p>Am zur\u00fcckliegenden Pfingstwochende fand in Moers das allj\u00e4hrliche moers festival statt. Meine Frau besuchte das Festival bereits einmal in ihrer Jugend, und nachdem sie im letzten Jahr dort aufgetreten war, machte sie den Vorschlag, in diesem Jahr doch mal einen Familienausflug nach Moers zu unternehmen. Um das Festivalzelt herum werden n\u00e4mlich vom Veranstalter Fl\u00e4chen f\u00fcr &hellip; <a href=\"https:\/\/www.kontrabassblog.de\/?p=259\" class=\"more-link\">Read more <span class=\"screen-reader-text\">Bildungsreise nach Moers<\/span><\/a><\/p>\n","protected":false},"author":1,"featured_media":0,"comment_status":"open","ping_status":"open","sticky":false,"template":"","format":"standard","meta":{"footnotes":""},"categories":[1,9],"tags":[],"class_list":["post-259","post","type-post","status-publish","format-standard","hentry","category-allgemein","category-musik"],"_links":{"self":[{"href":"https:\/\/www.kontrabassblog.de\/index.php?rest_route=\/wp\/v2\/posts\/259","targetHints":{"allow":["GET"]}}],"collection":[{"href":"https:\/\/www.kontrabassblog.de\/index.php?rest_route=\/wp\/v2\/posts"}],"about":[{"href":"https:\/\/www.kontrabassblog.de\/index.php?rest_route=\/wp\/v2\/types\/post"}],"author":[{"embeddable":true,"href":"https:\/\/www.kontrabassblog.de\/index.php?rest_route=\/wp\/v2\/users\/1"}],"replies":[{"embeddable":true,"href":"https:\/\/www.kontrabassblog.de\/index.php?rest_route=%2Fwp%2Fv2%2Fcomments&post=259"}],"version-history":[{"count":0,"href":"https:\/\/www.kontrabassblog.de\/index.php?rest_route=\/wp\/v2\/posts\/259\/revisions"}],"wp:attachment":[{"href":"https:\/\/www.kontrabassblog.de\/index.php?rest_route=%2Fwp%2Fv2%2Fmedia&parent=259"}],"wp:term":[{"taxonomy":"category","embeddable":true,"href":"https:\/\/www.kontrabassblog.de\/index.php?rest_route=%2Fwp%2Fv2%2Fcategories&post=259"},{"taxonomy":"post_tag","embeddable":true,"href":"https:\/\/www.kontrabassblog.de\/index.php?rest_route=%2Fwp%2Fv2%2Ftags&post=259"}],"curies":[{"name":"wp","href":"https:\/\/api.w.org\/{rel}","templated":true}]}}