{"id":252,"date":"2007-05-10T19:25:58","date_gmt":"2007-05-10T17:25:58","guid":{"rendered":"http:\/\/www.kontrabassblog.de\/?p=252"},"modified":"2007-05-10T19:27:08","modified_gmt":"2007-05-10T17:27:08","slug":"grand-prix-avec-contrebasse","status":"publish","type":"post","link":"https:\/\/www.kontrabassblog.de\/?p=252","title":{"rendered":"Grand Prix avec Contrebasse"},"content":{"rendered":"<p>Am Samstag (12.5.) ist es soweit: unser Basskollege Herv\u00e9 Jeanne steht mit S\u00e4nger Roger Cicero in Helsinki auf der Grand-Prix-d&#8217;Eurovision-B\u00fchne. Bilder von den Proben gibt&#8217;s auf der <a target=\"_blank\" href=\"http:\/\/www.ndrtv.de\/grandprix\/news\/20070508_cicero_probe_2.html\">offiziellen Website<\/a> dieser Veranstaltung. Ich finde es nicht unspannend, ob ein Jazz-Titel bei diesem insgesamt doch etwas merkw\u00fcrdigen Wettbewerb Siegchancen hat. Eher unwahrscheinlich ist aber, dass ich mir die gesamte Sendung deswegen antun werde &#8230; Personen wie DJ Bobo sind einfach zu unertr\u00e4glich. Daumen dr\u00fccken werde ich unserem deutschen Beitrag aber in jedem Fall.<\/p>\n","protected":false},"excerpt":{"rendered":"<p>Am Samstag (12.5.) ist es soweit: unser Basskollege Herv\u00e9 Jeanne steht mit S\u00e4nger Roger Cicero in Helsinki auf der Grand-Prix-d&#8217;Eurovision-B\u00fchne. Bilder von den Proben gibt&#8217;s auf der offiziellen Website dieser Veranstaltung. Ich finde es nicht unspannend, ob ein Jazz-Titel bei diesem insgesamt doch etwas merkw\u00fcrdigen Wettbewerb Siegchancen hat. Eher unwahrscheinlich ist aber, dass ich mir &hellip; <a href=\"https:\/\/www.kontrabassblog.de\/?p=252\" class=\"more-link\">Read more <span class=\"screen-reader-text\">Grand Prix avec Contrebasse<\/span><\/a><\/p>\n","protected":false},"author":1,"featured_media":0,"comment_status":"open","ping_status":"open","sticky":false,"template":"","format":"standard","meta":{"footnotes":""},"categories":[1,10],"tags":[],"class_list":["post-252","post","type-post","status-publish","format-standard","hentry","category-allgemein","category-jazz"],"_links":{"self":[{"href":"https:\/\/www.kontrabassblog.de\/index.php?rest_route=\/wp\/v2\/posts\/252","targetHints":{"allow":["GET"]}}],"collection":[{"href":"https:\/\/www.kontrabassblog.de\/index.php?rest_route=\/wp\/v2\/posts"}],"about":[{"href":"https:\/\/www.kontrabassblog.de\/index.php?rest_route=\/wp\/v2\/types\/post"}],"author":[{"embeddable":true,"href":"https:\/\/www.kontrabassblog.de\/index.php?rest_route=\/wp\/v2\/users\/1"}],"replies":[{"embeddable":true,"href":"https:\/\/www.kontrabassblog.de\/index.php?rest_route=%2Fwp%2Fv2%2Fcomments&post=252"}],"version-history":[{"count":0,"href":"https:\/\/www.kontrabassblog.de\/index.php?rest_route=\/wp\/v2\/posts\/252\/revisions"}],"wp:attachment":[{"href":"https:\/\/www.kontrabassblog.de\/index.php?rest_route=%2Fwp%2Fv2%2Fmedia&parent=252"}],"wp:term":[{"taxonomy":"category","embeddable":true,"href":"https:\/\/www.kontrabassblog.de\/index.php?rest_route=%2Fwp%2Fv2%2Fcategories&post=252"},{"taxonomy":"post_tag","embeddable":true,"href":"https:\/\/www.kontrabassblog.de\/index.php?rest_route=%2Fwp%2Fv2%2Ftags&post=252"}],"curies":[{"name":"wp","href":"https:\/\/api.w.org\/{rel}","templated":true}]}}