{"id":250,"date":"2007-04-27T21:38:44","date_gmt":"2007-04-27T19:38:44","guid":{"rendered":"http:\/\/www.kontrabassblog.de\/?p=250"},"modified":"2007-05-16T12:07:07","modified_gmt":"2007-05-16T10:07:07","slug":"jazzfoerderung-in-deutschland","status":"publish","type":"post","link":"https:\/\/www.kontrabassblog.de\/?p=250","title":{"rendered":"Jazzf\u00f6rderung in Deutschland"},"content":{"rendered":"<p>In Sachen Jazzf\u00f6rderung gibt es ja selten gute Nachrichten. Heute schon: &#8220;Bundestag debattiert \u00fcber Jazz&#8221;, \u00fcberschreibt Hans-J\u00fcrgen Linke seinen Kommentar in der heutigen Ausgabe meines Lokalbl\u00e4ttchens, der Frankfurter Rundschau (Link zum Artikel: <a target=\"_blank\" href=\"http:\/\/www.fr-online.de\/in_und_ausland\/kultur_und_medien\/feuilleton\/?em_cnt=1123781&#038;\">www.fr-online.de<\/a>).<\/p>\n<p>Der Kulturausschuss des Bundestags hat ein Papier vorgelegt, das <em>Jazz als dritte Musikgattung<\/em> neben E- und Popmusik definiert. Damit soll der Musikf\u00f6rderung eine im Sinne des Jazz verbesserte Systematik gegeben werden. Linke schreibt: &#8220;Bis dato wurden der Jazz und seine verschiedenen Spiel- und Erscheinungsformen als zu beiden Seiten, also zum E und zum U in der Musik, nicht geh\u00f6rige Musikform gef\u00fchrt. So dass er in Punkto F\u00f6rderung immer durch alle Raster fiel und hin und her geschoben wurde. (..) Dass bundesweit gut 80 Prozent der \u00f6ffentlichen Musikf\u00f6rderung der so genannten E-Musik zugute kommen, hat tiefe Gr\u00e4ben und betr\u00e4chtlichen Futterneid entstehen lassen und niemandem gen\u00fctzt&#8221;. Das soll nun nach Willen des Kulturausschusses anders werden. Ich muss zugeben, dass ich nicht zu hoffen gewagt h\u00e4tte, dass sich der Bundestag mit dieser Problematik \u00fcberhaupt befasst! Hans-J\u00fcrgen Linke schlie\u00dft mit einem optimistischen Blick in die Zukunft: &#8220;Was f\u00fcr Erfolge eine grundlegende Verbesserung der F\u00f6rderungsstrukturen haben kann, zeigt das Beispiel Norwegen: Es gibt derzeit wohl kein internationales Festival, auf dem nicht Musiker dieses kleinen Landes eine tragende Rolle spielen. Ein neues System also, eine bessere Koordination der F\u00f6rderma\u00dfnahmen und ein grunds\u00e4tzliches Umdenken \u2013 das sollte sich doch schnell umsetzen lassen?&#8221;. Hoffentlich!<\/p>\n<p>Nachtrag: Mittelerweile tut sich in der Jazzszene etwas; in Hamburg gibt es den Versuch, eine Lobby f\u00fcr den Jazz zu organisieren. Wer sich engangieren will, findet unter <a target=\"_blank\" href=\"http:\/\/www.stellwerk-hamburg.de\/\">www.stellwerk-hamburg.de<\/a> mehr Informationen dazu.<\/p>\n","protected":false},"excerpt":{"rendered":"<p>In Sachen Jazzf\u00f6rderung gibt es ja selten gute Nachrichten. Heute schon: &#8220;Bundestag debattiert \u00fcber Jazz&#8221;, \u00fcberschreibt Hans-J\u00fcrgen Linke seinen Kommentar in der heutigen Ausgabe meines Lokalbl\u00e4ttchens, der Frankfurter Rundschau (Link zum Artikel: www.fr-online.de). Der Kulturausschuss des Bundestags hat ein Papier vorgelegt, das Jazz als dritte Musikgattung neben E- und Popmusik definiert. Damit soll der Musikf\u00f6rderung &hellip; <a href=\"https:\/\/www.kontrabassblog.de\/?p=250\" class=\"more-link\">Read more <span class=\"screen-reader-text\">Jazzf\u00f6rderung in Deutschland<\/span><\/a><\/p>\n","protected":false},"author":1,"featured_media":0,"comment_status":"open","ping_status":"open","sticky":false,"template":"","format":"standard","meta":{"footnotes":""},"categories":[10],"tags":[],"class_list":["post-250","post","type-post","status-publish","format-standard","hentry","category-jazz"],"_links":{"self":[{"href":"https:\/\/www.kontrabassblog.de\/index.php?rest_route=\/wp\/v2\/posts\/250","targetHints":{"allow":["GET"]}}],"collection":[{"href":"https:\/\/www.kontrabassblog.de\/index.php?rest_route=\/wp\/v2\/posts"}],"about":[{"href":"https:\/\/www.kontrabassblog.de\/index.php?rest_route=\/wp\/v2\/types\/post"}],"author":[{"embeddable":true,"href":"https:\/\/www.kontrabassblog.de\/index.php?rest_route=\/wp\/v2\/users\/1"}],"replies":[{"embeddable":true,"href":"https:\/\/www.kontrabassblog.de\/index.php?rest_route=%2Fwp%2Fv2%2Fcomments&post=250"}],"version-history":[{"count":0,"href":"https:\/\/www.kontrabassblog.de\/index.php?rest_route=\/wp\/v2\/posts\/250\/revisions"}],"wp:attachment":[{"href":"https:\/\/www.kontrabassblog.de\/index.php?rest_route=%2Fwp%2Fv2%2Fmedia&parent=250"}],"wp:term":[{"taxonomy":"category","embeddable":true,"href":"https:\/\/www.kontrabassblog.de\/index.php?rest_route=%2Fwp%2Fv2%2Fcategories&post=250"},{"taxonomy":"post_tag","embeddable":true,"href":"https:\/\/www.kontrabassblog.de\/index.php?rest_route=%2Fwp%2Fv2%2Ftags&post=250"}],"curies":[{"name":"wp","href":"https:\/\/api.w.org\/{rel}","templated":true}]}}