{"id":2102,"date":"2016-03-25T18:20:30","date_gmt":"2016-03-25T18:20:30","guid":{"rendered":"http:\/\/www.kontrabassblog.de\/?p=2102"},"modified":"2016-04-05T19:52:49","modified_gmt":"2016-04-05T19:52:49","slug":"musikmesse-frankfurt-2016-karten-zu-gewinnen","status":"publish","type":"post","link":"https:\/\/www.kontrabassblog.de\/?p=2102","title":{"rendered":"Musikmesse Frankfurt 2016 \u2013 Karten zu gewinnen!"},"content":{"rendered":"<p>Vom\u00a0<strong>7. bis 10. April 2016<\/strong>\u00a0findet in Frankfurt am Main wieder die Musikmesse statt. Die Musikmesse ist in diesem Jahr nicht nur in andere\u00a0Hallen umgezogen, sie ist jetzt an allen Messetagen f\u00fcr das Publikum\u00a0ge\u00f6ffnet und hat auch das Rahmenprogramm auf dem Messegel\u00e4nde und in der Stadt Frankfurt stark erweitert. Erstmals findet parallel zur Messe das <a href=\"http:\/\/www.musikmesse-festival.net\" target=\"_blank\">Musikmesse Festival<\/a> statt. Das Festival-Ticket \u2013 ein Festival-B\u00e4ndchen und ein Festival-Voucher \u2013 ist f\u00fcr Besucher der Musikmesse kostenlos. Ebenso ist das Festival-Ticket an der Abendkasse aller teilnehmenden Veranstaltungsorte erh\u00e4ltlich. Es kostet 15,- \u20ac und enth\u00e4lt dar\u00fcber hinaus auch einen Voucher f\u00fcr einen verg\u00fcnstigten Eintritt auf die Musikmesse.<br \/>\nAuf zwei Konzerte, die die <a href=\"http:\/\/www.jazz-frankfurt.de\" target=\"_blank\">Jazz Initiative<\/a> im Rahmen des Festivals anbietet, will ich dabei besonders hinweisen, da ich Co-Organisator bin \ud83d\ude09<\/p>\n<p><a href=\"http:\/\/www.musikmesse-festival.net\/index.php\/de\/speaker\/hattler\/\" target=\"_blank\">Hattler feat. Torsten de Winkel, Fola Dada &amp; Oli Rubow<\/a><\/p>\n<p><em>Hellmut Hattler (e-bass), Torsten de Winkel (g, e-sitar), Fola Dada (voc), Oli Rubow (dr, perc, electronics),\u00a0Pete Delgado (visuals), Theo Metzler (sound design)<\/em><em><br \/>\n<a href=\"http:\/\/www.hellmut-hattler.de\/\">www.hellmut-hattler.de<\/a><\/em><\/p>\n<p><em>Orange Peel (N\u00e4he Hauptbahnhof) | <strong>Fr., 8.4.201<\/strong>6 | 21 Uhr | 15,\u2013\/12,\u2013\/kostenlos mit Musikmesse-Festivalticket<\/em><\/p>\n<p><a href=\"http:\/\/www.musikmesse-festival.net\/index.php\/de\/speaker\/jazz-ensemblemodern\/\" target=\"_blank\">Checkpoint III: Jazz@EnsembleModern<\/a><\/p>\n<p>Das Ensemble Modern trifft auf ein Jazz-Trio (John Schr\u00f6der, Hayden Chisholm und Sebastian Gramms)<\/p>\n<p><em>Deutsche Ensemble Akademie, Dachsaal | <strong>So., 10.4.2016<\/strong> | 20 Uhr | 20,\u2013 \/ 15,\u2013 \u20ac erm. (Erm\u00e4\u00dfigung f\u00fcr Studenten, Auszubildende, JIF-Mitglieder), mit Musikmesse-Festival-Ticket 10,\u2013 \u20ac<\/em><\/p>\n<h3>Und jetzt kommt&#8217;s: ich verlose 5 x 2 Karten f\u00fcr die Musikmesse!<\/h3>\n<p>Um an die Verlosung teilzunehmen, schickt mir eine E-Mail mit der Antwort auf die R\u00e4tselfrage:<br \/>\n<strong>Welcher Bassist und Geigenbauer gilt als<br \/>\n<em>Urvater des Kontrabasses wie wir ihn heute kennen<\/em>?<\/strong><\/p>\n<p>Der Einsendeschluss ist der 1. April, der Rechtsweg ist ausgeschlossen \u2026<\/p>\n<hr \/>\n<p><em>Update<\/em>: Die Gewinner wurden ermittelt und per E-Mail benachrichtigt, es sind:<\/p>\n<p>Martin\u00a0M. aus K.<br \/>\nJann M. aus F.<br \/>\nCarola D. aus O.<br \/>\nAnselm H. aus\u00a0B.<br \/>\nDieter K. aus N.<\/p>\n<p>&nbsp;<\/p>\n","protected":false},"excerpt":{"rendered":"<p>Vom\u00a07. bis 10. April 2016\u00a0findet in Frankfurt am Main wieder die Musikmesse statt. Die Musikmesse ist in diesem Jahr nicht nur in andere\u00a0Hallen umgezogen, sie ist jetzt an allen Messetagen f\u00fcr das Publikum\u00a0ge\u00f6ffnet und hat auch das Rahmenprogramm auf dem Messegel\u00e4nde und in der Stadt Frankfurt stark erweitert. Erstmals findet parallel zur Messe das Musikmesse &hellip; <a href=\"https:\/\/www.kontrabassblog.de\/?p=2102\" class=\"more-link\">Read more <span class=\"screen-reader-text\">Musikmesse Frankfurt 2016 \u2013 Karten zu gewinnen!<\/span><\/a><\/p>\n","protected":false},"author":1,"featured_media":0,"comment_status":"open","ping_status":"open","sticky":false,"template":"","format":"standard","meta":{"footnotes":""},"categories":[1],"tags":[],"class_list":["post-2102","post","type-post","status-publish","format-standard","hentry","category-allgemein"],"_links":{"self":[{"href":"https:\/\/www.kontrabassblog.de\/index.php?rest_route=\/wp\/v2\/posts\/2102","targetHints":{"allow":["GET"]}}],"collection":[{"href":"https:\/\/www.kontrabassblog.de\/index.php?rest_route=\/wp\/v2\/posts"}],"about":[{"href":"https:\/\/www.kontrabassblog.de\/index.php?rest_route=\/wp\/v2\/types\/post"}],"author":[{"embeddable":true,"href":"https:\/\/www.kontrabassblog.de\/index.php?rest_route=\/wp\/v2\/users\/1"}],"replies":[{"embeddable":true,"href":"https:\/\/www.kontrabassblog.de\/index.php?rest_route=%2Fwp%2Fv2%2Fcomments&post=2102"}],"version-history":[{"count":5,"href":"https:\/\/www.kontrabassblog.de\/index.php?rest_route=\/wp\/v2\/posts\/2102\/revisions"}],"predecessor-version":[{"id":2108,"href":"https:\/\/www.kontrabassblog.de\/index.php?rest_route=\/wp\/v2\/posts\/2102\/revisions\/2108"}],"wp:attachment":[{"href":"https:\/\/www.kontrabassblog.de\/index.php?rest_route=%2Fwp%2Fv2%2Fmedia&parent=2102"}],"wp:term":[{"taxonomy":"category","embeddable":true,"href":"https:\/\/www.kontrabassblog.de\/index.php?rest_route=%2Fwp%2Fv2%2Fcategories&post=2102"},{"taxonomy":"post_tag","embeddable":true,"href":"https:\/\/www.kontrabassblog.de\/index.php?rest_route=%2Fwp%2Fv2%2Ftags&post=2102"}],"curies":[{"name":"wp","href":"https:\/\/api.w.org\/{rel}","templated":true}]}}