{"id":202,"date":"2006-12-05T20:09:32","date_gmt":"2006-12-05T19:09:32","guid":{"rendered":"http:\/\/www.kontrabassblog.de\/?p=202"},"modified":"2006-12-05T20:09:32","modified_gmt":"2006-12-05T19:09:32","slug":"neuer-deutscher-jazzpreis-mannheim","status":"publish","type":"post","link":"https:\/\/www.kontrabassblog.de\/?p=202","title":{"rendered":"Neuer deutscher Jazzpreis Mannheim"},"content":{"rendered":"<p>Die Mannheimer IG Jazz schreibt 2007 wieder ihren Jazzpreis aus. W\u00e4re ja sch\u00f6n, wenn unter den Gewinnern ein Bassist w\u00e4re ;-):<\/p>\n<p><em>In den letzten Jahren hat sich Mannheim zu einer der f\u00fchrenden Musikmetropolen Deutschlands entwickelt. Um die kreative deutsche Jazz-Szene zu b\u00fcndeln und ihr ein ad\u00e4quates Forum mit entsprechender Medienpr\u00e4senz zu bieten, hat die IG-Jazz 2006 erstmals die Veranstaltung unter dem Titel \u201eNeuer deutscher Jazzpreis Mannheim\u201c in Kooperation mit dem Hauptf\u00f6rderer MVV Energie, des Kulturzentrums \u201eAlte Feuerwache\u201c, der Stadt Mannheim und dem Maritim Parkhotel ausgerichtet. Daf\u00fcr hatten sich 124 Bands beworben, aus denen als Gewinner das Ensemble \u201eDer Rote Bereich\u201c und M. Griener als Gewinner des Solistenpreises hervorgingen. In 2007 findet die Veranstaltung am 20. und 21. April statt. Bewerben k\u00f6nnen sich alle Bands, deren Mitglieder ihren Wohnsitz \u00fcberwiegend in Deutschland haben. Die Bewerber m\u00fcssen eine CD und Info bis zum 25. Februar 2006 an die \u201eIG-Jazz Rhein Neckar e.V., Br\u00fcckenstr. 2-4, 68167 Mannheim\u201c mit dem Stichwort Jazzpreis \u201907 senden. Es werden 3 Finalisten von dem als Kurator fungierenden Gitarristen Wolfgang Muthspiel ausgew\u00e4hlt. Der Preis f\u00fcr die Gewinnerband betr\u00e4gt 10.000 \u20ac, der beste Solist erh\u00e4lt 1000 \u20ac. Beide Gewinner werden vom Publikum ermittelt. Die Finalisten erhalten Reisekosten und \u00dcbernachtung, sowie freien Eintritt zum Konzert am darauf folgenden Tag. Das Finale findet am 20. April \u201907 statt; der Gewinner spielt am 21. April im Rahmen des Festivals.<\/em><\/p>\n<p><em>Kriterien:<\/em><\/p>\n<ul>\n<li><em>Genre Jazz<\/em><\/li>\n<li><em>Besetzung ab Duo<\/em><\/li>\n<li><em>Wohnsitz der Bandmitglieder \u00fcberwiegend in Deutschland<\/em><\/li>\n<li><em>Bewerbung (akt. CD, Bandinfo &#038; unterschr. Anmeldeformular) muss bis zum 25.02.\u00b407 eingegangen sein<\/em><\/li>\n<li><em>die Bands erkl\u00e4ren sich mit Abgabe der Bewerbung bereit am 20. &#038;\u00a0 21.04.\u00b407 in der angegebenen Besetzung in MA aufzutreten<\/em><\/li>\n<\/ul>\n<p><em>Weitere Infos unter und Anmeldeformular <a target=\"_blank\" href=\"https:\/\/www.kontrabassblog.de\/www.jazzpages.com\/ig-jazz\">www.jazzpages.com\/ig-jazz<\/a><\/em><\/p>\n","protected":false},"excerpt":{"rendered":"<p>Die Mannheimer IG Jazz schreibt 2007 wieder ihren Jazzpreis aus. W\u00e4re ja sch\u00f6n, wenn unter den Gewinnern ein Bassist w\u00e4re ;-): In den letzten Jahren hat sich Mannheim zu einer der f\u00fchrenden Musikmetropolen Deutschlands entwickelt. Um die kreative deutsche Jazz-Szene zu b\u00fcndeln und ihr ein ad\u00e4quates Forum mit entsprechender Medienpr\u00e4senz zu bieten, hat die IG-Jazz &hellip; <a href=\"https:\/\/www.kontrabassblog.de\/?p=202\" class=\"more-link\">Read more <span class=\"screen-reader-text\">Neuer deutscher Jazzpreis Mannheim<\/span><\/a><\/p>\n","protected":false},"author":1,"featured_media":0,"comment_status":"open","ping_status":"open","sticky":false,"template":"","format":"standard","meta":{"footnotes":""},"categories":[1,10,9],"tags":[],"class_list":["post-202","post","type-post","status-publish","format-standard","hentry","category-allgemein","category-jazz","category-musik"],"_links":{"self":[{"href":"https:\/\/www.kontrabassblog.de\/index.php?rest_route=\/wp\/v2\/posts\/202","targetHints":{"allow":["GET"]}}],"collection":[{"href":"https:\/\/www.kontrabassblog.de\/index.php?rest_route=\/wp\/v2\/posts"}],"about":[{"href":"https:\/\/www.kontrabassblog.de\/index.php?rest_route=\/wp\/v2\/types\/post"}],"author":[{"embeddable":true,"href":"https:\/\/www.kontrabassblog.de\/index.php?rest_route=\/wp\/v2\/users\/1"}],"replies":[{"embeddable":true,"href":"https:\/\/www.kontrabassblog.de\/index.php?rest_route=%2Fwp%2Fv2%2Fcomments&post=202"}],"version-history":[{"count":0,"href":"https:\/\/www.kontrabassblog.de\/index.php?rest_route=\/wp\/v2\/posts\/202\/revisions"}],"wp:attachment":[{"href":"https:\/\/www.kontrabassblog.de\/index.php?rest_route=%2Fwp%2Fv2%2Fmedia&parent=202"}],"wp:term":[{"taxonomy":"category","embeddable":true,"href":"https:\/\/www.kontrabassblog.de\/index.php?rest_route=%2Fwp%2Fv2%2Fcategories&post=202"},{"taxonomy":"post_tag","embeddable":true,"href":"https:\/\/www.kontrabassblog.de\/index.php?rest_route=%2Fwp%2Fv2%2Ftags&post=202"}],"curies":[{"name":"wp","href":"https:\/\/api.w.org\/{rel}","templated":true}]}}