{"id":201,"date":"2006-12-04T20:01:12","date_gmt":"2006-12-04T19:01:12","guid":{"rendered":"http:\/\/www.kontrabassblog.de\/?p=201"},"modified":"2006-12-04T20:01:12","modified_gmt":"2006-12-04T19:01:12","slug":"sechs-jazzer-im-dreivierteltakt","status":"publish","type":"post","link":"https:\/\/www.kontrabassblog.de\/?p=201","title":{"rendered":"Sechs Jazzer im Dreivierteltakt"},"content":{"rendered":"<p>Gestern nacht zappte ich zu (sehr) sp\u00e4ter Stunde noch zuf\u00e4llig in eine sog. Musikkom\u00f6die hinein: <em>Sechs Jazzer im Dreivierteltakt<\/em> (ZDF \/ USA 1986; Orginaltitel: <em>The Gig<\/em>). Eine Dixieland-Amateurband hat einen Hotelgig an Land gezogen, und macht sich auf die Reise \u2013 allerdings ist ihnen kurzfristig der Bassist abhanden gekommen. Die f\u00fcnf stehen schon mit gepackten Koffern vor ihrem VW-Bus, als endlich der noch unbekannte Ersatzmann erscheint: ein schwarzer Vollprofi, der als erstes zun\u00e4chst nochmal die Gage nachverhandelt. Als n\u00e4chstes besteht er darauf, dass der Bass nicht etwas auf dem Dach mitreist, sondern auf dem Beifahrersitz \u2013 kurz, die Stimmung in der Band ist miserabel, bevor es \u00fcberhaupt losgeht. Erst als der Bassist eine kurze Probe seines K\u00f6nnens gibt und seine <em>Credits<\/em> aufsagt, taut das Eis zwischen den Musikern. An dieser Stelle musste ich aber ausschalten. Denn es war schon sehr sp\u00e4t und ich m\u00fcde, und dass im Jahre 1986 ein etwa 40 Jahre alter Bassist auf Tournee-Erfahrung mit Charlie Parker, Dizzy Gillespie, Count Basie und Duke Ellington zur\u00fcckblicken kann, erschien mir dann doch etwas zu sehr an den Haaren herbei gezogen. However &#8211; es k\u00f6nnte aber trotzdem ein netter Film sein (Musik: Warren Vach\u00e9), und sollte er mal wieder gesendet, erfahre ich vielleicht, wie alles ausgegangen ist.<br \/>\nIm Promotext liest sich das \u00fcbrigens so: &#8220;<em>Sechs Jazzer im Dreivierteltakt<\/em> ist eine pr\u00e4zise aufgebaute, mit W\u00e4rme, Sensibilit\u00e4t und psychologischem Fingerspitzengef\u00fchl inszenierte Kom\u00f6die aus der amerikanischen Provinz, in der sich herzlicher Humor, entwaffnende Pointen, ein \u00fcberzeugendes Ensemble und viel wunderbare Jazzmusik zu hervorragender Unterhaltung verbinden.&#8221;<\/p>\n","protected":false},"excerpt":{"rendered":"<p>Gestern nacht zappte ich zu (sehr) sp\u00e4ter Stunde noch zuf\u00e4llig in eine sog. Musikkom\u00f6die hinein: Sechs Jazzer im Dreivierteltakt (ZDF \/ USA 1986; Orginaltitel: The Gig). Eine Dixieland-Amateurband hat einen Hotelgig an Land gezogen, und macht sich auf die Reise \u2013 allerdings ist ihnen kurzfristig der Bassist abhanden gekommen. Die f\u00fcnf stehen schon mit gepackten &hellip; <a href=\"https:\/\/www.kontrabassblog.de\/?p=201\" class=\"more-link\">Read more <span class=\"screen-reader-text\">Sechs Jazzer im Dreivierteltakt<\/span><\/a><\/p>\n","protected":false},"author":1,"featured_media":0,"comment_status":"open","ping_status":"open","sticky":false,"template":"","format":"standard","meta":{"footnotes":""},"categories":[1,10],"tags":[],"class_list":["post-201","post","type-post","status-publish","format-standard","hentry","category-allgemein","category-jazz"],"_links":{"self":[{"href":"https:\/\/www.kontrabassblog.de\/index.php?rest_route=\/wp\/v2\/posts\/201","targetHints":{"allow":["GET"]}}],"collection":[{"href":"https:\/\/www.kontrabassblog.de\/index.php?rest_route=\/wp\/v2\/posts"}],"about":[{"href":"https:\/\/www.kontrabassblog.de\/index.php?rest_route=\/wp\/v2\/types\/post"}],"author":[{"embeddable":true,"href":"https:\/\/www.kontrabassblog.de\/index.php?rest_route=\/wp\/v2\/users\/1"}],"replies":[{"embeddable":true,"href":"https:\/\/www.kontrabassblog.de\/index.php?rest_route=%2Fwp%2Fv2%2Fcomments&post=201"}],"version-history":[{"count":0,"href":"https:\/\/www.kontrabassblog.de\/index.php?rest_route=\/wp\/v2\/posts\/201\/revisions"}],"wp:attachment":[{"href":"https:\/\/www.kontrabassblog.de\/index.php?rest_route=%2Fwp%2Fv2%2Fmedia&parent=201"}],"wp:term":[{"taxonomy":"category","embeddable":true,"href":"https:\/\/www.kontrabassblog.de\/index.php?rest_route=%2Fwp%2Fv2%2Fcategories&post=201"},{"taxonomy":"post_tag","embeddable":true,"href":"https:\/\/www.kontrabassblog.de\/index.php?rest_route=%2Fwp%2Fv2%2Ftags&post=201"}],"curies":[{"name":"wp","href":"https:\/\/api.w.org\/{rel}","templated":true}]}}