{"id":1965,"date":"2015-04-06T11:29:58","date_gmt":"2015-04-06T11:29:58","guid":{"rendered":"http:\/\/www.kontrabassblog.de\/?p=1965"},"modified":"2015-04-06T12:17:25","modified_gmt":"2015-04-06T12:17:25","slug":"musikmesse-frankfurt-2015","status":"publish","type":"post","link":"https:\/\/www.kontrabassblog.de\/?p=1965","title":{"rendered":"Musikmesse Frankfurt 2015"},"content":{"rendered":"<p>Vom <strong>15. bis zum 18. April<\/strong> findet in Frankfurt wieder die allj\u00e4hrliche Musikmesse statt. Kontrab\u00e4sse und Zubeh\u00f6r sind wie schon in den letzten Jahren in <strong>Halle 3.1<\/strong>\u00a0zu finden.<br \/>\n<em>Ausgehtipp:<\/em> Wer am Freitag nach dem Messebesuch noch Reserven\u00a0hat, Musik\u00a0zu h\u00f6ren und vielleicht auch zu spielen, ist bei <strong>Jazz in der Freitagsk\u00fcche<\/strong> gut aufgehoben. Ab 21:30 Uhr spielt dort das Marcus Becker Quartett den Opener f\u00fcr die Freitagsk\u00fcche Jam Session. Die Freitagsk\u00fcche befindet sich in Laufweite zur Messe: <a href=\"https:\/\/www.google.de\/maps\/place\/Freitagsk\u00fcche\/@50.108538,8.658833,17z\/data=!3m1!4b1!4m2!3m1!1s0x47bd0956177c7e4d:0xde7108e9cb070ca2\" target=\"_blank\">Mainzer Landstra\u00dfe 105<\/a>, im Hinterhaus des Geb\u00e4udes, wo auch <a href=\"http:\/\/www.kontrabass-atelier.de\" target=\"_blank\">unser\u00a0Kontrabass-Atelier<\/a> seine R\u00e4ume hat. Der Eintritt zu Jazz in der Freitagsk\u00fcche ist frei!<\/p>\n<p><img loading=\"lazy\" decoding=\"async\" class=\"alignnone size-medium wp-image-1966\" src=\"https:\/\/www.kontrabassblog.de\/wp-content\/uploads\/2015\/04\/musikmesse-500x375.jpg\" alt=\"Musikmesse\" width=\"500\" height=\"375\" srcset=\"https:\/\/www.kontrabassblog.de\/wp-content\/uploads\/2015\/04\/musikmesse-500x375.jpg 500w, https:\/\/www.kontrabassblog.de\/wp-content\/uploads\/2015\/04\/musikmesse-1024x768.jpg 1024w\" sizes=\"auto, (max-width: 500px) 100vw, 500px\" \/><\/p>\n","protected":false},"excerpt":{"rendered":"<p>Vom 15. bis zum 18. April findet in Frankfurt wieder die allj\u00e4hrliche Musikmesse statt. Kontrab\u00e4sse und Zubeh\u00f6r sind wie schon in den letzten Jahren in Halle 3.1\u00a0zu finden. Ausgehtipp: Wer am Freitag nach dem Messebesuch noch Reserven\u00a0hat, Musik\u00a0zu h\u00f6ren und vielleicht auch zu spielen, ist bei Jazz in der Freitagsk\u00fcche gut aufgehoben. Ab 21:30 Uhr &hellip; <a href=\"https:\/\/www.kontrabassblog.de\/?p=1965\" class=\"more-link\">Read more <span class=\"screen-reader-text\">Musikmesse Frankfurt 2015<\/span><\/a><\/p>\n","protected":false},"author":1,"featured_media":0,"comment_status":"open","ping_status":"open","sticky":false,"template":"","format":"standard","meta":{"footnotes":""},"categories":[1],"tags":[],"class_list":["post-1965","post","type-post","status-publish","format-standard","hentry","category-allgemein"],"_links":{"self":[{"href":"https:\/\/www.kontrabassblog.de\/index.php?rest_route=\/wp\/v2\/posts\/1965","targetHints":{"allow":["GET"]}}],"collection":[{"href":"https:\/\/www.kontrabassblog.de\/index.php?rest_route=\/wp\/v2\/posts"}],"about":[{"href":"https:\/\/www.kontrabassblog.de\/index.php?rest_route=\/wp\/v2\/types\/post"}],"author":[{"embeddable":true,"href":"https:\/\/www.kontrabassblog.de\/index.php?rest_route=\/wp\/v2\/users\/1"}],"replies":[{"embeddable":true,"href":"https:\/\/www.kontrabassblog.de\/index.php?rest_route=%2Fwp%2Fv2%2Fcomments&post=1965"}],"version-history":[{"count":2,"href":"https:\/\/www.kontrabassblog.de\/index.php?rest_route=\/wp\/v2\/posts\/1965\/revisions"}],"predecessor-version":[{"id":1968,"href":"https:\/\/www.kontrabassblog.de\/index.php?rest_route=\/wp\/v2\/posts\/1965\/revisions\/1968"}],"wp:attachment":[{"href":"https:\/\/www.kontrabassblog.de\/index.php?rest_route=%2Fwp%2Fv2%2Fmedia&parent=1965"}],"wp:term":[{"taxonomy":"category","embeddable":true,"href":"https:\/\/www.kontrabassblog.de\/index.php?rest_route=%2Fwp%2Fv2%2Fcategories&post=1965"},{"taxonomy":"post_tag","embeddable":true,"href":"https:\/\/www.kontrabassblog.de\/index.php?rest_route=%2Fwp%2Fv2%2Ftags&post=1965"}],"curies":[{"name":"wp","href":"https:\/\/api.w.org\/{rel}","templated":true}]}}