{"id":1879,"date":"2014-10-23T10:53:45","date_gmt":"2014-10-23T10:53:45","guid":{"rendered":"http:\/\/www.kontrabassblog.de\/?p=1879"},"modified":"2014-10-23T10:53:45","modified_gmt":"2014-10-23T10:53:45","slug":"wie-verstaerkt-man-einen-carbon-kontrabass","status":"publish","type":"post","link":"https:\/\/www.kontrabassblog.de\/?p=1879","title":{"rendered":"Wie verst\u00e4rkt man einen Carbon-Kontrabass?"},"content":{"rendered":"<p>K\u00fcrzlich kam Andreas Mager, Bassist der \u00f6sterreichischen Band <a href=\"http:\/\/www.monroes.cc\/the-band\/\" target=\"_blank\">The Monroes<\/a> bei mir vorbei. Im Gep\u00e4ck hatte er seinen neuen,\u00a0vollst\u00e4ndig aus Carbon gefertigten Kontrabass. <em>Fast<\/em> vollst\u00e4ndig, um genau zu sein, denn\u00a0ein zentrales Teil ist nach wie vor aus Holz: der Stimmstock. (Das hat vor allem praktische Gr\u00fcnde, denn ein Holz-Stimmstock\u00a0l\u00e4sst er sich einfach besser anpassen und mit den Stimmsetzer positionieren.)<\/p>\n<p>Da aber auch der urspr\u00fcngliche Steg aus Carbon war, war Andreas auf der Suche noch einem passenden Pickup, der sich hier montieren l\u00e4sst. Andreas benutzt auf der B\u00fchne eine drahtlose Anlage, der Pickup sollte also passiv sein, um die Zahl der Komponenten \u00fcbersichtlich zu halten. Da dem flach gearbeiteten Carbon-Steg die Dicke eines Holzsteges fehlt,\u00a0kamen alle Underwood-artigen Stegfl\u00fcgel-Pickups nicht in Frage. Stellschrauben hat er auch keine, deswegen scheiden auch LifeLine und Full Circle aus. In der engeren Wahl waren schlie\u00dflich The Realist Copperhead und der APTflex, beides Pickups, die unter den Stegfu\u00df montiert werden.<br \/>\nSchlussendlich entschied sich Andreas dann aber doch f\u00fcr einen konventionellen Holzsteg, den er mit seinem gewohnten Shadow-Stegfl\u00fcgel-Pickup ausstattete.<\/p>\n<p>Auff\u00e4llig ist so ein Bass ja. Die schimmernde Optik des Carbon-Gewebes ist schon ein Hingucker, aber sicher nicht jedermanns Fall. Beim Gewicht kann aber Carbon so schnell nichts das Wasser reichen: das Ding ist federleicht, leichter kann man einen Bass wohl nicht bauen. Der Klang ist ausgewogen und rund, vor allem aber\u00a0sehr laut \u2013 wahrscheinlich das Resultat der extrem leichten Bauweise.<\/p>\n<p>&nbsp;<\/p>\n<p><a href=\"https:\/\/www.kontrabassblog.de\/?attachment_id=1878\" rel=\"attachment wp-att-1878\"><img loading=\"lazy\" decoding=\"async\" class=\"alignnone size-medium wp-image-1878\" src=\"https:\/\/www.kontrabassblog.de\/wp-content\/uploads\/2014\/09\/IMG_1815-375x500.jpg\" alt=\"IMG_1815\" width=\"375\" height=\"500\" srcset=\"https:\/\/www.kontrabassblog.de\/wp-content\/uploads\/2014\/09\/IMG_1815-375x500.jpg 375w, https:\/\/www.kontrabassblog.de\/wp-content\/uploads\/2014\/09\/IMG_1815-768x1024.jpg 768w\" sizes=\"auto, (max-width: 375px) 100vw, 375px\" \/><\/a> <a href=\"https:\/\/www.kontrabassblog.de\/?attachment_id=1877\" rel=\"attachment wp-att-1877\"><img loading=\"lazy\" decoding=\"async\" class=\"alignnone size-medium wp-image-1877\" src=\"https:\/\/www.kontrabassblog.de\/wp-content\/uploads\/2014\/09\/carbon1-500x375.jpg\" alt=\"carbon1\" width=\"500\" height=\"375\" srcset=\"https:\/\/www.kontrabassblog.de\/wp-content\/uploads\/2014\/09\/carbon1-500x375.jpg 500w, https:\/\/www.kontrabassblog.de\/wp-content\/uploads\/2014\/09\/carbon1.jpg 960w\" sizes=\"auto, (max-width: 500px) 100vw, 500px\" \/><\/a> <a href=\"https:\/\/www.kontrabassblog.de\/?attachment_id=1876\" rel=\"attachment wp-att-1876\"><img loading=\"lazy\" decoding=\"async\" class=\"alignnone size-medium wp-image-1876\" src=\"https:\/\/www.kontrabassblog.de\/wp-content\/uploads\/2014\/09\/carbon2-375x500.jpg\" alt=\"carbon2\" width=\"375\" height=\"500\" srcset=\"https:\/\/www.kontrabassblog.de\/wp-content\/uploads\/2014\/09\/carbon2-375x500.jpg 375w, https:\/\/www.kontrabassblog.de\/wp-content\/uploads\/2014\/09\/carbon2.jpg 720w\" sizes=\"auto, (max-width: 375px) 100vw, 375px\" \/><\/a><\/p>\n","protected":false},"excerpt":{"rendered":"<p>K\u00fcrzlich kam Andreas Mager, Bassist der \u00f6sterreichischen Band The Monroes bei mir vorbei. Im Gep\u00e4ck hatte er seinen neuen,\u00a0vollst\u00e4ndig aus Carbon gefertigten Kontrabass. Fast vollst\u00e4ndig, um genau zu sein, denn\u00a0ein zentrales Teil ist nach wie vor aus Holz: der Stimmstock. (Das hat vor allem praktische Gr\u00fcnde, denn ein Holz-Stimmstock\u00a0l\u00e4sst er sich einfach besser anpassen und &hellip; <a href=\"https:\/\/www.kontrabassblog.de\/?p=1879\" class=\"more-link\">Read more <span class=\"screen-reader-text\">Wie verst\u00e4rkt man einen Carbon-Kontrabass?<\/span><\/a><\/p>\n","protected":false},"author":1,"featured_media":0,"comment_status":"open","ping_status":"open","sticky":false,"template":"","format":"standard","meta":{"footnotes":""},"categories":[1],"tags":[],"class_list":["post-1879","post","type-post","status-publish","format-standard","hentry","category-allgemein"],"_links":{"self":[{"href":"https:\/\/www.kontrabassblog.de\/index.php?rest_route=\/wp\/v2\/posts\/1879","targetHints":{"allow":["GET"]}}],"collection":[{"href":"https:\/\/www.kontrabassblog.de\/index.php?rest_route=\/wp\/v2\/posts"}],"about":[{"href":"https:\/\/www.kontrabassblog.de\/index.php?rest_route=\/wp\/v2\/types\/post"}],"author":[{"embeddable":true,"href":"https:\/\/www.kontrabassblog.de\/index.php?rest_route=\/wp\/v2\/users\/1"}],"replies":[{"embeddable":true,"href":"https:\/\/www.kontrabassblog.de\/index.php?rest_route=%2Fwp%2Fv2%2Fcomments&post=1879"}],"version-history":[{"count":4,"href":"https:\/\/www.kontrabassblog.de\/index.php?rest_route=\/wp\/v2\/posts\/1879\/revisions"}],"predecessor-version":[{"id":1902,"href":"https:\/\/www.kontrabassblog.de\/index.php?rest_route=\/wp\/v2\/posts\/1879\/revisions\/1902"}],"wp:attachment":[{"href":"https:\/\/www.kontrabassblog.de\/index.php?rest_route=%2Fwp%2Fv2%2Fmedia&parent=1879"}],"wp:term":[{"taxonomy":"category","embeddable":true,"href":"https:\/\/www.kontrabassblog.de\/index.php?rest_route=%2Fwp%2Fv2%2Fcategories&post=1879"},{"taxonomy":"post_tag","embeddable":true,"href":"https:\/\/www.kontrabassblog.de\/index.php?rest_route=%2Fwp%2Fv2%2Ftags&post=1879"}],"curies":[{"name":"wp","href":"https:\/\/api.w.org\/{rel}","templated":true}]}}