{"id":176,"date":"2006-09-01T10:00:01","date_gmt":"2006-09-01T08:00:01","guid":{"rendered":"http:\/\/www.kontrabassblog.de\/?p=176"},"modified":"2006-09-01T10:00:01","modified_gmt":"2006-09-01T08:00:01","slug":"muehldorfer-sommerakademie-2006","status":"publish","type":"post","link":"https:\/\/www.kontrabassblog.de\/?p=176","title":{"rendered":"M\u00fchldorfer Sommerakademie 2006"},"content":{"rendered":"<p>01.09.2006 &#8211; 10.09.2006: M\u00fchldorfer Sommerakademie 2006<br \/>\nKontrabass &#038; Kammermusik: Frank Reinecke<br \/>\nZielgruppe\/Teilnehmer:<br \/>\nZugelassen sind Solisten und Ensembles, fortgeschrittene Musiksch\u00fcler, Musikstudierende, Berufsmusiker, Musikp\u00e4dagogen und ambitionierte Amateure, die ein Programm ihrer Wahl intensiv erarbeiten wollen. F\u00fcr Teilnehmer ab 10 Jahren offen. Ausnahmen sind nach Absprache mit der Kursleitung m\u00f6glich. Bestehende Kammermusikensembles erhalten eine Erm\u00e4\u00dfigung auf die Kursgeb\u00fchr. Pro Dozent wird nur eine begrenzte Anzahl von Teilnehmern zugelassen. Dies garantiert die optimale Betreuung jedes Teilnehmers. Jeder Teilnehmer erh\u00e4lt t\u00e4glich Einzel- bzw. Ensembleunterricht. Die Dozenten bereiten die Teilnehmer in Einzel &#8211; und Klassenunterricht auf k\u00fcnftige Konzert- oder Vorspielsituationen vor und geben wertvolle Hilfestellungen bei der L\u00f6sung individueller Probleme im instrumentalen und k\u00fcnstlerischen Bereich.<br \/>\nVeranstaltungsort:<br \/>\nSt\u00e4dt. Musikschule M\u00fchldorf a. Inn<br \/>\nStadtplatz 52, 84453 M\u00fchldorf a. Inn<br \/>\nKosten:<br \/>\nDie Teilnehmergeb\u00fchr betr\u00e4gt \u20ac 320.- . Auf Antrag k\u00f6nnen in einem begrenzten Umfang Stipendien als Zuschuss auf die Kursgeb\u00fchr gew\u00e4hrt werden.<br \/>\nAnmeldung:<br \/>\nSt\u00e4dt. Musikschule M\u00fchldorf a Inn<br \/>\nStadtplatz 52, 84453 M\u00fchldorf a. Inn<br \/>\nTelefon: +49 (8631) 612 280 , Fax: +49 (8631) 3680 280<br \/>\nWebseite: <a target=\"_blank\" href=\"http:\/\/www.muehldorfer-sommerakademie.de\">www.muehldorfer-sommerakademie.de<\/a><\/p>\n","protected":false},"excerpt":{"rendered":"<p>01.09.2006 &#8211; 10.09.2006: M\u00fchldorfer Sommerakademie 2006 Kontrabass &#038; Kammermusik: Frank Reinecke Zielgruppe\/Teilnehmer: Zugelassen sind Solisten und Ensembles, fortgeschrittene Musiksch\u00fcler, Musikstudierende, Berufsmusiker, Musikp\u00e4dagogen und ambitionierte Amateure, die ein Programm ihrer Wahl intensiv erarbeiten wollen. F\u00fcr Teilnehmer ab 10 Jahren offen. Ausnahmen sind nach Absprache mit der Kursleitung m\u00f6glich. Bestehende Kammermusikensembles erhalten eine Erm\u00e4\u00dfigung auf die Kursgeb\u00fchr. &hellip; <a href=\"https:\/\/www.kontrabassblog.de\/?p=176\" class=\"more-link\">Read more <span class=\"screen-reader-text\">M\u00fchldorfer Sommerakademie 2006<\/span><\/a><\/p>\n","protected":false},"author":1,"featured_media":0,"comment_status":"open","ping_status":"open","sticky":false,"template":"","format":"standard","meta":{"footnotes":""},"categories":[1,2],"tags":[],"class_list":["post-176","post","type-post","status-publish","format-standard","hentry","category-allgemein","category-termin"],"_links":{"self":[{"href":"https:\/\/www.kontrabassblog.de\/index.php?rest_route=\/wp\/v2\/posts\/176","targetHints":{"allow":["GET"]}}],"collection":[{"href":"https:\/\/www.kontrabassblog.de\/index.php?rest_route=\/wp\/v2\/posts"}],"about":[{"href":"https:\/\/www.kontrabassblog.de\/index.php?rest_route=\/wp\/v2\/types\/post"}],"author":[{"embeddable":true,"href":"https:\/\/www.kontrabassblog.de\/index.php?rest_route=\/wp\/v2\/users\/1"}],"replies":[{"embeddable":true,"href":"https:\/\/www.kontrabassblog.de\/index.php?rest_route=%2Fwp%2Fv2%2Fcomments&post=176"}],"version-history":[{"count":0,"href":"https:\/\/www.kontrabassblog.de\/index.php?rest_route=\/wp\/v2\/posts\/176\/revisions"}],"wp:attachment":[{"href":"https:\/\/www.kontrabassblog.de\/index.php?rest_route=%2Fwp%2Fv2%2Fmedia&parent=176"}],"wp:term":[{"taxonomy":"category","embeddable":true,"href":"https:\/\/www.kontrabassblog.de\/index.php?rest_route=%2Fwp%2Fv2%2Fcategories&post=176"},{"taxonomy":"post_tag","embeddable":true,"href":"https:\/\/www.kontrabassblog.de\/index.php?rest_route=%2Fwp%2Fv2%2Ftags&post=176"}],"curies":[{"name":"wp","href":"https:\/\/api.w.org\/{rel}","templated":true}]}}