{"id":1674,"date":"2013-08-21T10:06:47","date_gmt":"2013-08-21T10:06:47","guid":{"rendered":"http:\/\/www.kontrabassblog.de\/?p=1674"},"modified":"2013-08-21T10:06:47","modified_gmt":"2013-08-21T10:06:47","slug":"musiker-im-bundestag","status":"publish","type":"post","link":"https:\/\/www.kontrabassblog.de\/?p=1674","title":{"rendered":"Musiker im Bundestag?"},"content":{"rendered":"<p>In wenigen Wochen wird der Bundestag neu gew\u00e4hlt. Wie auch immer die Wahl ausgehen wird: sehr wahrscheinlich wird die gr\u00f6\u00dfte Fraktion der Abgeordneten wieder aus den Bereich der \u201eRechts-, wirtschafts- und steuerberatende Berufe\u201c kommen (Quelle:\u00a0<a href=\"http:\/\/www.bundestag.de\/bundestag\/abgeordnete17\/mdb_zahlen\/Berufe.html\">www.bundestag.de<\/a>). In der selben Gruppe der \u201eFreien Berufe\u201c (2.2) m\u00fcssten auch Musiker klassifiziert werden, sollten sich welche im Bundestag befinden. Die Statistik des Bundestages verr\u00e4t dar\u00fcber aber nichts Konkretes. Immerhin sind in der f\u00fcr Musiker eigentlich passenden Rubrik 2.2.3 \u201ePublizistische Berufe, Berufe in den Medien, Kulturberufe\u201c 16 Abgeordnete erfasst \u2013 ich vermute aber, dass das \u00fcberwiegend Journalisten sein d\u00fcrften.<\/p>\n<p>Je nach Ausgang der Wahl wird also m\u00f6glicherweise der Geiger\u00a0<a href=\"http:\/\/www.romeo-franz.de\">Romeo Franz<\/a> der erste Jazzmusiker im Deutschen Bundestag. Der Oggersheimer kandidiert im Wahlkreis Ludwigshafen als Direktkandidat f\u00fcr DIE GR\u00dcNEN. Sollte er auf Anhieb den Sprung in den Bundestag schaffen, w\u00e4re er zudem der erste Sinto im Parlament.<\/p>\n","protected":false},"excerpt":{"rendered":"<p>In wenigen Wochen wird der Bundestag neu gew\u00e4hlt. Wie auch immer die Wahl ausgehen wird: sehr wahrscheinlich wird die gr\u00f6\u00dfte Fraktion der Abgeordneten wieder aus den Bereich der \u201eRechts-, wirtschafts- und steuerberatende Berufe\u201c kommen (Quelle:\u00a0www.bundestag.de). In der selben Gruppe der \u201eFreien Berufe\u201c (2.2) m\u00fcssten auch Musiker klassifiziert werden, sollten sich welche im Bundestag befinden. Die &hellip; <a href=\"https:\/\/www.kontrabassblog.de\/?p=1674\" class=\"more-link\">Read more <span class=\"screen-reader-text\">Musiker im Bundestag?<\/span><\/a><\/p>\n","protected":false},"author":1,"featured_media":0,"comment_status":"open","ping_status":"open","sticky":false,"template":"","format":"standard","meta":{"footnotes":""},"categories":[1,10,16],"tags":[],"class_list":["post-1674","post","type-post","status-publish","format-standard","hentry","category-allgemein","category-jazz","category-sonst"],"_links":{"self":[{"href":"https:\/\/www.kontrabassblog.de\/index.php?rest_route=\/wp\/v2\/posts\/1674","targetHints":{"allow":["GET"]}}],"collection":[{"href":"https:\/\/www.kontrabassblog.de\/index.php?rest_route=\/wp\/v2\/posts"}],"about":[{"href":"https:\/\/www.kontrabassblog.de\/index.php?rest_route=\/wp\/v2\/types\/post"}],"author":[{"embeddable":true,"href":"https:\/\/www.kontrabassblog.de\/index.php?rest_route=\/wp\/v2\/users\/1"}],"replies":[{"embeddable":true,"href":"https:\/\/www.kontrabassblog.de\/index.php?rest_route=%2Fwp%2Fv2%2Fcomments&post=1674"}],"version-history":[{"count":1,"href":"https:\/\/www.kontrabassblog.de\/index.php?rest_route=\/wp\/v2\/posts\/1674\/revisions"}],"predecessor-version":[{"id":1675,"href":"https:\/\/www.kontrabassblog.de\/index.php?rest_route=\/wp\/v2\/posts\/1674\/revisions\/1675"}],"wp:attachment":[{"href":"https:\/\/www.kontrabassblog.de\/index.php?rest_route=%2Fwp%2Fv2%2Fmedia&parent=1674"}],"wp:term":[{"taxonomy":"category","embeddable":true,"href":"https:\/\/www.kontrabassblog.de\/index.php?rest_route=%2Fwp%2Fv2%2Fcategories&post=1674"},{"taxonomy":"post_tag","embeddable":true,"href":"https:\/\/www.kontrabassblog.de\/index.php?rest_route=%2Fwp%2Fv2%2Ftags&post=1674"}],"curies":[{"name":"wp","href":"https:\/\/api.w.org\/{rel}","templated":true}]}}