{"id":1591,"date":"2013-03-31T19:04:44","date_gmt":"2013-03-31T19:04:44","guid":{"rendered":"http:\/\/www.kontrabassblog.de\/?p=1591"},"modified":"2013-03-31T19:04:44","modified_gmt":"2013-03-31T19:04:44","slug":"das-wort-zum-sonntag","status":"publish","type":"post","link":"https:\/\/www.kontrabassblog.de\/?p=1591","title":{"rendered":"Das Wort zum Sonntag"},"content":{"rendered":"<p>An Ostern ist ja so allerhand verboten, was Spa\u00df macht. \u201eStiller Feiertag\u201c und so. Hier in Frankfurt nehmen es vor allem die Liberalen sehr genau damit. (Ex-)Dezernent Volker Stein (FDP) sorgte vor ein paar Jahren daf\u00fcr, dass das lange aus praktischen Gr\u00fcnden einfach ignorierte\u00a0<a href=\"http:\/\/de.wikipedia.org\/wiki\/Tanzverbot\">Tanzverbot<\/a> dann pl\u00f6tzlich doch wieder rigoros durchgesetzt wurde. Seitdem hat unter anderem auch der Jazzkeller am Karfreitag notgedrungen zu.<\/p>\n<p>V\u00f6llig zu Recht erscheint dieses Verbot vielen Menschen als intolerant und v\u00f6llig aus der Zeit gefallen. Schlie\u00dflich bekommt ein gl\u00e4ubiger Christ ja gar nichts davon mit, wenn in einem Club getanzt oder gejammt wird &#8211; es sei denn, er begibt sich dort hin. Und dazu zwingt ihn ja niemand.<br \/>\nIn der Black Community San Franciscos w\u00fcrde man diese Diskussion wahrscheinlich ohnehin nicht verstehen. Tanzen und jammen geh\u00f6rt dort zum Gottesdienst dazu, das ist quasi der Gottesdienst. Das gilt vor allem in der <a href=\"http:\/\/www.coltranechurch.org\" target=\"_blank\">Kirche des heiligen John Coltrane<\/a>. (Nein, der 1. April ist erst morgen. Die gibt&#8217;s wirklich, aber warum auch nicht.)<\/p>\n<p><a href=\"https:\/\/www.kontrabassblog.de\/wp-content\/uploads\/2013\/03\/heiliger-Coltrane.png\"><img loading=\"lazy\" decoding=\"async\" class=\"alignnone size-full wp-image-1592\" title=\"heiliger Coltrane\" src=\"https:\/\/www.kontrabassblog.de\/wp-content\/uploads\/2013\/03\/heiliger-Coltrane.png\" alt=\"\" width=\"313\" height=\"494\" \/><\/a><\/p>\n<p>&nbsp;<\/p>\n","protected":false},"excerpt":{"rendered":"<p>An Ostern ist ja so allerhand verboten, was Spa\u00df macht. \u201eStiller Feiertag\u201c und so. Hier in Frankfurt nehmen es vor allem die Liberalen sehr genau damit. (Ex-)Dezernent Volker Stein (FDP) sorgte vor ein paar Jahren daf\u00fcr, dass das lange aus praktischen Gr\u00fcnden einfach ignorierte\u00a0Tanzverbot dann pl\u00f6tzlich doch wieder rigoros durchgesetzt wurde. Seitdem hat unter anderem &hellip; <a href=\"https:\/\/www.kontrabassblog.de\/?p=1591\" class=\"more-link\">Read more <span class=\"screen-reader-text\">Das Wort zum Sonntag<\/span><\/a><\/p>\n","protected":false},"author":1,"featured_media":0,"comment_status":"open","ping_status":"open","sticky":false,"template":"","format":"standard","meta":{"footnotes":""},"categories":[1,53],"tags":[],"class_list":["post-1591","post","type-post","status-publish","format-standard","hentry","category-allgemein","category-kolumne"],"_links":{"self":[{"href":"https:\/\/www.kontrabassblog.de\/index.php?rest_route=\/wp\/v2\/posts\/1591","targetHints":{"allow":["GET"]}}],"collection":[{"href":"https:\/\/www.kontrabassblog.de\/index.php?rest_route=\/wp\/v2\/posts"}],"about":[{"href":"https:\/\/www.kontrabassblog.de\/index.php?rest_route=\/wp\/v2\/types\/post"}],"author":[{"embeddable":true,"href":"https:\/\/www.kontrabassblog.de\/index.php?rest_route=\/wp\/v2\/users\/1"}],"replies":[{"embeddable":true,"href":"https:\/\/www.kontrabassblog.de\/index.php?rest_route=%2Fwp%2Fv2%2Fcomments&post=1591"}],"version-history":[{"count":1,"href":"https:\/\/www.kontrabassblog.de\/index.php?rest_route=\/wp\/v2\/posts\/1591\/revisions"}],"predecessor-version":[{"id":1593,"href":"https:\/\/www.kontrabassblog.de\/index.php?rest_route=\/wp\/v2\/posts\/1591\/revisions\/1593"}],"wp:attachment":[{"href":"https:\/\/www.kontrabassblog.de\/index.php?rest_route=%2Fwp%2Fv2%2Fmedia&parent=1591"}],"wp:term":[{"taxonomy":"category","embeddable":true,"href":"https:\/\/www.kontrabassblog.de\/index.php?rest_route=%2Fwp%2Fv2%2Fcategories&post=1591"},{"taxonomy":"post_tag","embeddable":true,"href":"https:\/\/www.kontrabassblog.de\/index.php?rest_route=%2Fwp%2Fv2%2Ftags&post=1591"}],"curies":[{"name":"wp","href":"https:\/\/api.w.org\/{rel}","templated":true}]}}