{"id":143,"date":"2006-05-31T15:21:43","date_gmt":"2006-05-31T13:21:43","guid":{"rendered":"http:\/\/www.kontrabassblog.de\/?p=143"},"modified":"2006-05-31T15:21:43","modified_gmt":"2006-05-31T13:21:43","slug":"bljo-sucht-noch-bassisten","status":"publish","type":"post","link":"https:\/\/www.kontrabassblog.de\/?p=143","title":{"rendered":"BLJO sucht noch Bassisten"},"content":{"rendered":"<p>Das Bayerische Landesjugendorchester sucht noch Bassisten! Das n\u00e4chste Probespiel findet w\u00e4hrend der 94. Arbeitsphase vom 7. bis 18.6.2006 in der Musikhochschule N\u00fcrnberg statt. Das Programm als PDF gibt es <a title=\"BLJO\" id=\"p142\" href=\"https:\/\/www.kontrabassblog.de\/BLJOPfingsten.pdf\">hier<\/a>. Infos: Landesausschuss Bayern, &#8220;Jugend musiziert&#8221; e.V., Bayerisches Landesjugendorchester, Tel.: 0911-83 73 44, Internet: <a target=\"_blank\" href=\"http:\/\/www.jugend-musiziert.de\">www.jugend-musiziert.de<\/a><\/p>\n","protected":false},"excerpt":{"rendered":"<p>Das Bayerische Landesjugendorchester sucht noch Bassisten! Das n\u00e4chste Probespiel findet w\u00e4hrend der 94. Arbeitsphase vom 7. bis 18.6.2006 in der Musikhochschule N\u00fcrnberg statt. Das Programm als PDF gibt es hier. Infos: Landesausschuss Bayern, &#8220;Jugend musiziert&#8221; e.V., Bayerisches Landesjugendorchester, Tel.: 0911-83 73 44, Internet: www.jugend-musiziert.de<\/p>\n","protected":false},"author":1,"featured_media":0,"comment_status":"open","ping_status":"open","sticky":false,"template":"","format":"standard","meta":{"footnotes":""},"categories":[1,11,9],"tags":[],"class_list":["post-143","post","type-post","status-publish","format-standard","hentry","category-allgemein","category-klassik","category-musik"],"_links":{"self":[{"href":"https:\/\/www.kontrabassblog.de\/index.php?rest_route=\/wp\/v2\/posts\/143","targetHints":{"allow":["GET"]}}],"collection":[{"href":"https:\/\/www.kontrabassblog.de\/index.php?rest_route=\/wp\/v2\/posts"}],"about":[{"href":"https:\/\/www.kontrabassblog.de\/index.php?rest_route=\/wp\/v2\/types\/post"}],"author":[{"embeddable":true,"href":"https:\/\/www.kontrabassblog.de\/index.php?rest_route=\/wp\/v2\/users\/1"}],"replies":[{"embeddable":true,"href":"https:\/\/www.kontrabassblog.de\/index.php?rest_route=%2Fwp%2Fv2%2Fcomments&post=143"}],"version-history":[{"count":0,"href":"https:\/\/www.kontrabassblog.de\/index.php?rest_route=\/wp\/v2\/posts\/143\/revisions"}],"wp:attachment":[{"href":"https:\/\/www.kontrabassblog.de\/index.php?rest_route=%2Fwp%2Fv2%2Fmedia&parent=143"}],"wp:term":[{"taxonomy":"category","embeddable":true,"href":"https:\/\/www.kontrabassblog.de\/index.php?rest_route=%2Fwp%2Fv2%2Fcategories&post=143"},{"taxonomy":"post_tag","embeddable":true,"href":"https:\/\/www.kontrabassblog.de\/index.php?rest_route=%2Fwp%2Fv2%2Ftags&post=143"}],"curies":[{"name":"wp","href":"https:\/\/api.w.org\/{rel}","templated":true}]}}