{"id":1289,"date":"2012-07-04T23:03:22","date_gmt":"2012-07-04T23:03:22","guid":{"rendered":"http:\/\/www.kontrabassblog.de\/?p=1289"},"modified":"2012-07-04T23:05:22","modified_gmt":"2012-07-04T23:05:22","slug":"bass2012-kopenhagen-das-programm","status":"publish","type":"post","link":"https:\/\/www.kontrabassblog.de\/?p=1289","title":{"rendered":"Bass2012 Kopenhagen: Das Programm"},"content":{"rendered":"<p>Wie mir heute auffiel, ist <a href=\"http:\/\/programme.bass2012.eu\/\" target=\"_blank\">das Programm f\u00fcr Bass2012 in Kopenhagen<\/a> bereits online. Sehr praktisch: die Organisatoren \u00a0haben die Konzerte, Masterclasses und Seminare als Google Kalender ver\u00f6ffentlicht. Die Events, die mich am meisten locken, habe ich somit gleich in meinen digitalen Kalender \u00fcbernehmen k\u00f6nnen (und werde damit dann auch bei \u00c4nderungen automatisch informiert).<\/p>\n","protected":false},"excerpt":{"rendered":"<p>Wie mir heute auffiel, ist das Programm f\u00fcr Bass2012 in Kopenhagen bereits online. Sehr praktisch: die Organisatoren \u00a0haben die Konzerte, Masterclasses und Seminare als Google Kalender ver\u00f6ffentlicht. Die Events, die mich am meisten locken, habe ich somit gleich in meinen digitalen Kalender \u00fcbernehmen k\u00f6nnen (und werde damit dann auch bei \u00c4nderungen automatisch informiert).<\/p>\n","protected":false},"author":1,"featured_media":0,"comment_status":"open","ping_status":"open","sticky":false,"template":"","format":"standard","meta":{"footnotes":""},"categories":[1],"tags":[],"class_list":["post-1289","post","type-post","status-publish","format-standard","hentry","category-allgemein"],"_links":{"self":[{"href":"https:\/\/www.kontrabassblog.de\/index.php?rest_route=\/wp\/v2\/posts\/1289","targetHints":{"allow":["GET"]}}],"collection":[{"href":"https:\/\/www.kontrabassblog.de\/index.php?rest_route=\/wp\/v2\/posts"}],"about":[{"href":"https:\/\/www.kontrabassblog.de\/index.php?rest_route=\/wp\/v2\/types\/post"}],"author":[{"embeddable":true,"href":"https:\/\/www.kontrabassblog.de\/index.php?rest_route=\/wp\/v2\/users\/1"}],"replies":[{"embeddable":true,"href":"https:\/\/www.kontrabassblog.de\/index.php?rest_route=%2Fwp%2Fv2%2Fcomments&post=1289"}],"version-history":[{"count":3,"href":"https:\/\/www.kontrabassblog.de\/index.php?rest_route=\/wp\/v2\/posts\/1289\/revisions"}],"predecessor-version":[{"id":1292,"href":"https:\/\/www.kontrabassblog.de\/index.php?rest_route=\/wp\/v2\/posts\/1289\/revisions\/1292"}],"wp:attachment":[{"href":"https:\/\/www.kontrabassblog.de\/index.php?rest_route=%2Fwp%2Fv2%2Fmedia&parent=1289"}],"wp:term":[{"taxonomy":"category","embeddable":true,"href":"https:\/\/www.kontrabassblog.de\/index.php?rest_route=%2Fwp%2Fv2%2Fcategories&post=1289"},{"taxonomy":"post_tag","embeddable":true,"href":"https:\/\/www.kontrabassblog.de\/index.php?rest_route=%2Fwp%2Fv2%2Ftags&post=1289"}],"curies":[{"name":"wp","href":"https:\/\/api.w.org\/{rel}","templated":true}]}}