{"id":1154,"date":"2012-02-01T14:27:49","date_gmt":"2012-02-01T14:27:49","guid":{"rendered":"http:\/\/www.kontrabassblog.de\/?p=1154"},"modified":"2012-02-01T16:34:27","modified_gmt":"2012-02-01T16:34:27","slug":"mein-neues-kontrabass-postergrifftabellezeitleiste","status":"publish","type":"post","link":"https:\/\/www.kontrabassblog.de\/?p=1154","title":{"rendered":"Frisch aus der Druckerei: mein neues Kontrabass-Poster=Grifftabelle=Zeitleiste"},"content":{"rendered":"<p><a href=\"http:\/\/www.kontrabass-atelier.de\/media\/Grifftabelle_KB_large.jpg\" target=\"_blank\"><img loading=\"lazy\" decoding=\"async\" class=\"alignright size-full wp-image-1155\" title=\"Grifftabelle\" src=\"https:\/\/www.kontrabassblog.de\/wp-content\/uploads\/2012\/01\/Grifftabelle_KB_small.jpg\" alt=\"\" width=\"170\" height=\"423\" \/><\/a>Heute habe ich das Paket mit meinem neuen Poster aus der Druckerei abgeholt. Ziemlich riesig! Das Poster ist 1,20 m lang, und zeigt das Griffbrett in Originalgr\u00f6\u00dfe. Aufgrund des verwendeten 250g\/m2-Kartons war das Paket dann doch etwas schwerer, als ich gedacht hatte. Wobei: eigentlich hatte ich gar nicht richtig dar\u00fcber nachgedacht, und war wie immer mit Fahrrad hingefahren \u2026 das musste ich dann auf dem R\u00fcckweg nat\u00fcrlich schieben. Denn ans Fahren war mit solchem Sperrgut nat\u00fcrlich nicht zu denken.<\/p>\n<p>Dieses Kontrabass-Poster ist ein umfangreiches Nachschlagewerk: es zeigt die Lage der T\u00f6ne auf dem Griffbrett, ihre Notation und die klassischen Lagenbezeichnungen nach Simandl. Au\u00dferdem bietet es einen \u00dcberblick \u00fcber die Geschichte des Kontrabass: wichtige Ereignisse, ber\u00fchmte Bassisten und Instrumentenbauer vom 16. bis ins 20. Jahrhundert sind in einer Zeitleiste abgebildet.<\/p>\n<div>\n<ul>\n<li>Format: DIN A1 lang (42 cm breit, 119 cm lang)<\/li>\n<li>hochwertiger Druck auf stabilem 250g\/m2-Papier, UV-lackiert<\/li>\n<li>Sprache: Englisch<\/li>\n<\/ul>\n<p>Das Poster kostet 9,50 \u20ac. Zum Bestellen geht\u2019s <a href=\"http:\/\/www.kontrabass-atelier.de\/zubehoer.html#grifftab\" target=\"_blank\">hier lang<\/a>.<\/p>\n<\/div>\n","protected":false},"excerpt":{"rendered":"<p>Heute habe ich das Paket mit meinem neuen Poster aus der Druckerei abgeholt. Ziemlich riesig! Das Poster ist 1,20 m lang, und zeigt das Griffbrett in Originalgr\u00f6\u00dfe. Aufgrund des verwendeten 250g\/m2-Kartons war das Paket dann doch etwas schwerer, als ich gedacht hatte. Wobei: eigentlich hatte ich gar nicht richtig dar\u00fcber nachgedacht, und war wie immer &hellip; <a href=\"https:\/\/www.kontrabassblog.de\/?p=1154\" class=\"more-link\">Read more <span class=\"screen-reader-text\">Frisch aus der Druckerei: mein neues Kontrabass-Poster=Grifftabelle=Zeitleiste<\/span><\/a><\/p>\n","protected":false},"author":1,"featured_media":0,"comment_status":"open","ping_status":"open","sticky":false,"template":"","format":"standard","meta":{"footnotes":""},"categories":[7],"tags":[],"class_list":["post-1154","post","type-post","status-publish","format-standard","hentry","category-neue-produkte"],"_links":{"self":[{"href":"https:\/\/www.kontrabassblog.de\/index.php?rest_route=\/wp\/v2\/posts\/1154","targetHints":{"allow":["GET"]}}],"collection":[{"href":"https:\/\/www.kontrabassblog.de\/index.php?rest_route=\/wp\/v2\/posts"}],"about":[{"href":"https:\/\/www.kontrabassblog.de\/index.php?rest_route=\/wp\/v2\/types\/post"}],"author":[{"embeddable":true,"href":"https:\/\/www.kontrabassblog.de\/index.php?rest_route=\/wp\/v2\/users\/1"}],"replies":[{"embeddable":true,"href":"https:\/\/www.kontrabassblog.de\/index.php?rest_route=%2Fwp%2Fv2%2Fcomments&post=1154"}],"version-history":[{"count":6,"href":"https:\/\/www.kontrabassblog.de\/index.php?rest_route=\/wp\/v2\/posts\/1154\/revisions"}],"predecessor-version":[{"id":1162,"href":"https:\/\/www.kontrabassblog.de\/index.php?rest_route=\/wp\/v2\/posts\/1154\/revisions\/1162"}],"wp:attachment":[{"href":"https:\/\/www.kontrabassblog.de\/index.php?rest_route=%2Fwp%2Fv2%2Fmedia&parent=1154"}],"wp:term":[{"taxonomy":"category","embeddable":true,"href":"https:\/\/www.kontrabassblog.de\/index.php?rest_route=%2Fwp%2Fv2%2Fcategories&post=1154"},{"taxonomy":"post_tag","embeddable":true,"href":"https:\/\/www.kontrabassblog.de\/index.php?rest_route=%2Fwp%2Fv2%2Ftags&post=1154"}],"curies":[{"name":"wp","href":"https:\/\/api.w.org\/{rel}","templated":true}]}}