{"id":1143,"date":"2012-01-22T16:03:38","date_gmt":"2012-01-22T16:03:38","guid":{"rendered":"http:\/\/www.kontrabassblog.de\/?p=1143"},"modified":"2012-01-22T16:03:38","modified_gmt":"2012-01-22T16:03:38","slug":"jazz-workshop-mit-kontrabassist-henning-sieverts","status":"publish","type":"post","link":"https:\/\/www.kontrabassblog.de\/?p=1143","title":{"rendered":"Jazz-Workshop mit Kontrabassist Henning Sieverts"},"content":{"rendered":"<p><a href=\"https:\/\/www.kontrabassblog.de\/wp-content\/uploads\/2012\/01\/sieverts.jpg\"><img loading=\"lazy\" decoding=\"async\" class=\"size-full wp-image-1144 alignnone\" title=\"sieverts\" src=\"https:\/\/www.kontrabassblog.de\/wp-content\/uploads\/2012\/01\/sieverts.jpg\" alt=\"\" width=\"500\" height=\"403\" \/><\/a><\/p>\n<p>Nach unserem erfolgreichen Workshop mit John Goldsby im Dezember lassen wir am 10. M\u00e4rz den n\u00e4chsten Jazzworkshop folgen. Zu Gast in Frankfurt sind Anke Helfrich (Piano), <strong><a href=\"http:\/\/www.henningsieverts.de\/\">Henning Sieverts (Kontrabass)<\/a><\/strong> und Jonas Burgwinkel (Schlagzeug), der Workshop richtet sich also auch an Pianisten und Schlagzeuger.<\/p>\n<p><strong>Henning Sieverts<\/strong> spielt seit dem f\u00fcnften Lebensjahr Cello, als Jugendlicher begann er mit Kontrabass und E-Bass. Au\u00dferdem besitzt das Komponieren f\u00fcr ihn einen besonderen Stellenwert: Bislang entstanden mehrere hundert Jazzkompositionen und \u201eklassische\u201c Werke, wof\u00fcr er zahlreiche Preise und Auszeichnungen erhielt.<\/p>\n<p># 1977-84 Stipendiat am Berliner Konservatorium; Unterricht in Cello und Klavier<br \/>\n# 1983 und 1984 jeweils 1.Preis beim Wettbewerb &#8220;Sch\u00fcler komponieren&#8221;<br \/>\n# seit 1983 Selbststudium am Kontrabass und E-Bass<br \/>\n# 1990 Verleihung des Musikf\u00f6rderpreises der Landeshauptstadt M\u00fcnchen<br \/>\n# 1991 Sieger beim Jazz-Wettbewerb der &#8220;International Society of Bassists&#8221;<br \/>\n# 1994 Verleihung des Staatlichen F\u00f6rderpreises f\u00fcr junge K\u00fcnstler des Freistaats Bayern<br \/>\n# seit 2003 Moderation von Jazzsendungen beim Bayerischen Rundfunk<br \/>\n# 2007 Gewinn des Neuen Deutschen Jazzpreises und des Solistenpreises des Neuen Deutschen Jazzpreises (in Mannheim)<br \/>\n# 2010 Gewinn des ersten &#8220;Echo Jazz&#8221; als bester Bassist f\u00fcr die CD &#8220;Blackbird&#8221;<br \/>\n# 100 CD-Produktionen, darunter 11 unter eigenem Namen (siehe unter &#8220;Diskographie&#8221;)<\/p>\n<p>(Teilnehmenden Bassisten k\u00f6nnen nach Absprache <a href=\"http:\/\/www.Kontrabass-Atelier.de\">Leihinstrumente<\/a> zur Verf\u00fcgung gestellt werden.)<\/p>\n<p>Seit 2011 hat die renommierte Weinheimer Pianistin <strong>Anke Helfrich<\/strong> die neu eingerichtete Dozentur f\u00fcr Jazz-Piano und Jazztheorie an Dr. Hoch\u2019s Konservatorium inne. Das Konservatorium strebt damit die Wiederbelebung seiner gro\u00dfen Tradition im Bereich Jazz an: bereits im Jahr 1928 war hier die erste akademische Jazzklasse weltweit gegr\u00fcndet worden. Mit dem Konzert des Anke Helfrich Trios am Vortag des Workshops stellt das Konservatorium nun seine neue Jazz-Dozentin dem Frankfurter Jazzpublikum vor.<\/p>\n<p><strong>Jonas Burgwinkel<\/strong> studierte in Boston, Maastricht und K\u00f6ln (wo er inzwischen selbst eine Professur inne hat) und gewann etliche Jazzpreise. Er spielte auf nunmehr sechs Kontinenten mit Jazzgr\u00f6\u00dfen wie Uri Caine, Mark Murphy, Dave Liebman, Charlie Mariano, Lee Konitz, Joachim K\u00fchn oder Manfred Schoof.<\/p>\n<p>Die Teilnahmegeb\u00fchr betr\u00e4gt 40,- \u20ac. Anmeldeschluss ist der 1. M\u00e4rz 2012.<br \/>\nVeranstaltungsort ist das Dr. Hoch\u2019s Konservatorium, Sonnemannstra\u00dfe 16, 60314 Frankfurt am Main, Kammermusiksaal 3008<\/p>\n<p>Anmeldeformular\u00a0<a title=\"Workshop- Anmeldeformular\" href=\"https:\/\/docs.google.com\/spreadsheet\/viewform?formkey=dE1xMGRrTGZGNDRxamhjTzlndGVmTUE6MQ\" target=\"_blank\">nach dem Klick<\/a>.<\/p>\n<p><em>In Zusammenarbeit mit dem Dr. Hoch\u2019s Konservatorium und der Jazz-Initiative Frankfurt am Main<\/em><\/p>\n","protected":false},"excerpt":{"rendered":"<p>Nach unserem erfolgreichen Workshop mit John Goldsby im Dezember lassen wir am 10. M\u00e4rz den n\u00e4chsten Jazzworkshop folgen. Zu Gast in Frankfurt sind Anke Helfrich (Piano), Henning Sieverts (Kontrabass) und Jonas Burgwinkel (Schlagzeug), der Workshop richtet sich also auch an Pianisten und Schlagzeuger. Henning Sieverts spielt seit dem f\u00fcnften Lebensjahr Cello, als Jugendlicher begann er &hellip; <a href=\"https:\/\/www.kontrabassblog.de\/?p=1143\" class=\"more-link\">Read more <span class=\"screen-reader-text\">Jazz-Workshop mit Kontrabassist Henning Sieverts<\/span><\/a><\/p>\n","protected":false},"author":1,"featured_media":0,"comment_status":"open","ping_status":"open","sticky":false,"template":"","format":"standard","meta":{"footnotes":""},"categories":[10,2],"tags":[],"class_list":["post-1143","post","type-post","status-publish","format-standard","hentry","category-jazz","category-termin"],"_links":{"self":[{"href":"https:\/\/www.kontrabassblog.de\/index.php?rest_route=\/wp\/v2\/posts\/1143","targetHints":{"allow":["GET"]}}],"collection":[{"href":"https:\/\/www.kontrabassblog.de\/index.php?rest_route=\/wp\/v2\/posts"}],"about":[{"href":"https:\/\/www.kontrabassblog.de\/index.php?rest_route=\/wp\/v2\/types\/post"}],"author":[{"embeddable":true,"href":"https:\/\/www.kontrabassblog.de\/index.php?rest_route=\/wp\/v2\/users\/1"}],"replies":[{"embeddable":true,"href":"https:\/\/www.kontrabassblog.de\/index.php?rest_route=%2Fwp%2Fv2%2Fcomments&post=1143"}],"version-history":[{"count":1,"href":"https:\/\/www.kontrabassblog.de\/index.php?rest_route=\/wp\/v2\/posts\/1143\/revisions"}],"predecessor-version":[{"id":1145,"href":"https:\/\/www.kontrabassblog.de\/index.php?rest_route=\/wp\/v2\/posts\/1143\/revisions\/1145"}],"wp:attachment":[{"href":"https:\/\/www.kontrabassblog.de\/index.php?rest_route=%2Fwp%2Fv2%2Fmedia&parent=1143"}],"wp:term":[{"taxonomy":"category","embeddable":true,"href":"https:\/\/www.kontrabassblog.de\/index.php?rest_route=%2Fwp%2Fv2%2Fcategories&post=1143"},{"taxonomy":"post_tag","embeddable":true,"href":"https:\/\/www.kontrabassblog.de\/index.php?rest_route=%2Fwp%2Fv2%2Ftags&post=1143"}],"curies":[{"name":"wp","href":"https:\/\/api.w.org\/{rel}","templated":true}]}}